{"id":1234823,"date":"2021-11-19T21:38:00","date_gmt":"2021-11-20T03:38:00","guid":{"rendered":"https:\/\/www.acapulco.press\/?p=1234823"},"modified":"2021-11-19T21:38:00","modified_gmt":"2021-11-20T03:38:00","slug":"los-otros-datos-del-jubiloso-regreso-a-casa-del-tianguis-turistico","status":"publish","type":"post","link":"https:\/\/www.acapulcopress.com\/index.php\/2021\/11\/19\/los-otros-datos-del-jubiloso-regreso-a-casa-del-tianguis-turistico\/","title":{"rendered":"Los &#8216;otros datos&#8217; del jubiloso regreso a casa del Tianguis Tur\u00edstico"},"content":{"rendered":"<p style=\"text-align: justify;\"><em>Sin da\u00f1os a terceros<\/em><br \/>\n\u00bb <strong>\u00c1ngel Blanco<\/strong><br \/>\n<em>) Acapulco Press.<\/em><\/p>\n<p style=\"text-align: justify;\">El Tianguis Tur\u00edstico 2022 est\u00e1 siendo anunciado con &#8216;bombo y platillos&#8217; como un triunfo que casi todos le aplauden a la gobernadora morenista Evelyn Salgado Pineda, quien supuestamente gestion\u00f3 su retorno con el secretario de turismo federal, Miguel Torruco Marqu\u00e9s, el 27 de julio de 2021 en Ciudad de M\u00e9xico.<\/p>\n<figure id=\"attachment_1234827\" aria-describedby=\"caption-attachment-1234827\" style=\"width: 375px\" class=\"wp-caption alignleft\"><img loading=\"lazy\" decoding=\"async\" class=\"wp-image-1234827 size-medium\" src=\"https:\/\/www.acapulco.press\/wp-content\/uploads\/2021\/11\/welcome-tianguis2-375x259.jpg\" alt=\"\" width=\"375\" height=\"259\" \/><figcaption id=\"caption-attachment-1234827\" class=\"wp-caption-text\"><strong>Evelyn Salgado, gobernadora de Guerrero, celebra en M\u00e9rida el \u00abregreso a casa del Tianguis Tur\u00edstico\u00bb<\/strong>.<\/figcaption><\/figure>\n<p style=\"text-align: justify;\">El adejtivo \u00absupuesto\u00bb se emplea con la intenci\u00f3n de aclarar que la realizaci\u00f3n de la feria tur\u00edstica en cuesti\u00f3n no es logro de ning\u00fan pol\u00edtico o gobernante, ya que es un acuerdo establecido entre <em>Sectur<\/em> y Acapulco que l\u00edneas abajo quedar\u00e1n explicadas. El TianguisTur\u00edstico 2022 lo mismo se hubiese realizado en Acapulco si Mario Moreno Arcos, ex candidato de la coalici\u00f3n PRI\/PRD hubiera ganado la gubernatura, o si el PAN, MC, <em>Fuerza por M\u00e9xico<\/em>, PT, PVEM, PES o RSP, gobernaran Guerrero.<\/p>\n<p style=\"text-align: justify;\">Si de presumir se tratara, tendr\u00eda que decirse que quien habl\u00f3 primero de regresar el Tianguis al puerto fue Mario Moreno, luego Evelyn Salgado retom\u00f3 el tema en su cuenta de Twitter y prometi\u00f3 tambi\u00e9n en campa\u00f1a traer \u00abde vuelta\u00bb el Tianguis Tur\u00edstico, pero al igual que Mario, sin revelar el dato que por acuerdo ya establecido Acapulco ser\u00eda sede del encuentro tur\u00edstico en 2022.<\/p>\n<p style=\"text-align: justify;\">Por ello, debe remarcarse y subrayarse que, en s\u00ed, el Tianguis Tur\u00edstico \u00abno regresa a casa\u00bb. La versi\u00f3n real debe ser que Acapulco ser\u00e1 otra vez sede de este evento tur\u00edstico en 2022, pero tambi\u00e9n de maneta itinerante. Es decir, que seguir\u00e1 cambiando de sede los pr\u00f3ximos a\u00f1os.<\/p>\n<p style=\"text-align: justify;\"><strong>BREVE CRONOLOG\u00cdA<\/strong><\/p>\n<p style=\"text-align: justify;\">El Tianguis Tur\u00edstico se celebr\u00f3 por primera vez como itinerante en \u00abPuerto Vallarta 2012\u00bb, luego de que el Gobierno Federal decidiera separarlo de su &#8216;cuna&#8217; en 2011, por razones que p\u00e1rrafos abajo se detallan. Aclaramos que pocos diferir\u00e1n de los argumentos investigados con soportes fehacientes y oficiales, pero seguramente <img loading=\"lazy\" decoding=\"async\" class=\"alignleft size-medium wp-image-1234826\" src=\"https:\/\/www.acapulco.press\/wp-content\/uploads\/2021\/11\/welcome-tianguis-375x375.jpg\" alt=\"\" width=\"375\" height=\"375\" \/>muchos concoradar\u00e1n con la l\u00f3gica y las realidades.<\/p>\n<p style=\"text-align: justify;\">Despu\u00e9s de convertirse en itinerante, Acapulco ha celebrado dos veces el Tianguis Tur\u00edstico (2017 y 2019), tras la decisi\u00f3n de la Secretar\u00eda de Turismo federal de respetar la cuna de este evento tur\u00edstico, creado en 1975 con el nombre de \u00abFeria Internacional de Hoteles y Agencias Tur\u00edsticas de Acapulco\u00bb y el objetivo de \u00abpromover y posicionar a M\u00e9xico como un destino tur\u00edstico para viajeros internacionales\u00bb, dice el documento legal de origen.<\/p>\n<p style=\"text-align: justify;\">La idea de comenzar a llevar a cabo esta \u00abferia de operadores tur\u00edsticos\u00bb surgi\u00f3 a iniciativa del entonces presidente del Consejo Nacional de Turismo, Miguel Alem\u00e1n Vald\u00e9s, durante el mandato de Luis Echeverr\u00eda como Presidente de la Rep\u00fablica (1970-1976).<\/p>\n<p style=\"text-align: justify;\">Tras la consolidaci\u00f3n internacional de la feria, en 1976 se cre\u00f3 la Secretar\u00eda de Turismo y fue este organismo quien ese mismo a\u00f1o organiz\u00f3 oficialmente el Tianguis Tur\u00edstico de M\u00e9xico en el Centro de Convenciones de Acapulco, declarado \u00absede oficial\u00bb del evento, con participaci\u00f3n de 100 vendedores mexicanos y 22 pa\u00edses invitados.<\/p>\n<p style=\"text-align: justify;\">Empero, fueron varios factores que obligaron al gobierno federal a convertir itinerante el Tianguis Tur\u00edstico, la principal raz\u00f3n fue que el evento ya no ten\u00eda una &#8216;sede gratuita&#8217; para realizarse debido al arrendamiento del Centro de Convenciones al Grupo Chedraui, en 2010, y porque su costo en el Mundo Imperial resultaba \u00abmuy caro\u00bb.<\/p>\n<p style=\"text-align: justify;\">A esto se a\u00f1adi\u00f3 el factor violencia, que se recrudieci\u00f3 bajo el r\u00e9gimen de Carlos Zeferino Torreblanca Galindo como gobernador del Estado (2005-2011) y Jos\u00e9 F\u00e9lix Salgado Macedonio (2005-2008) como presidente de Acapulco.<\/p>\n<p style=\"text-align: justify;\">Los c\u00e1rteles en disputa del territorio porte\u00f1o y su privilegiadas rutas de trasiego mar\u00edtimo y terrestre sembraron terror e incertudumbre y ahuyentaron las inversiones y al turismo, pero ni el gobernador del estado ni el alcalde hicieron nada para garantizar la tranquilidad en el puerto. Ocurri\u00f3 todo lo contrario. El mismo Zeferino Torreblanca se presumi\u00f3 superado por la narcoviolencia. \u00abNo quiero ni puedo\u00bb porque \u00abno tengo los recursos para combatir el narcotr\u00e1fico\u00bb, argument\u00f3.<\/p>\n<p style=\"text-align: justify;\">Fue as\u00ed que, para evitar fricciones y exhibir las veraderas causas que ahuyentaron al Tianguis Tur\u00edstico, el gobierno del panista Felipe Calder\u00f3n decidi\u00f3 volver itinerante el evento, pero instruy\u00f3 a la Sectur que quedara estipulado que Acapulco orgazinar\u00eda dicho evento \u00abcada dos a\u00f1os\u00bb.<\/p>\n<p style=\"text-align: justify;\">Es por esta raz\u00f3n que a Acapulco le corresponde organizar el \u00abTianguis Tur\u00edstico 2022\u00bb, no porque la &#8216;Torita&#8217;, Morena o la 4T hayan logrado &#8216;regresar a casa&#8217; la populosa feria tur\u00edstica de car\u00e1cter nacional que sigue siendo itinerante, es decir, \u00abque va de un lugar a otro, sin permanecer fijo en un mismo lugar\u00bb.<br \/>\n<strong>www.acapulco.press<\/strong><\/p>\n","protected":false},"excerpt":{"rendered":"<p>Sin da\u00f1os a terceros \u00bb \u00c1ngel Blanco ) Acapulco Press. El Tianguis Tur\u00edstico 2022 est\u00e1 siendo anunciado con &#8216;bombo y platillos&#8217; como un triunfo que casi todos le aplauden a la gobernadora morenista Evelyn Salgado Pineda, quien supuestamente gestion\u00f3 su retorno con el secretario de turismo federal, Miguel Torruco Marqu\u00e9s, el 27 de julio de&#8230;<\/p>\n","protected":false},"author":2,"featured_media":1234824,"comment_status":"closed","ping_status":"closed","sticky":false,"template":"","format":"standard","meta":{"footnotes":""},"categories":[2048,1972,2008],"tags":[8251,8499,9302,13087,13142,16287,17179],"class_list":["post-1234823","post","type-post","status-publish","format-standard","has-post-thumbnail","hentry","category-editorial-editorial","category-special","category-editorial","tag-evelyn-salgado-pineda","tag-feria-internacional-de-hoteles-y-agencias-turisticas-de-acapulco","tag-gobierno-de-guerrero","tag-miguel-aleman-valdes","tag-miguel-torruco-marques","tag-secretaria-de-turismo-sectur","tag-tianguis-turistico-2022"],"_links":{"self":[{"href":"https:\/\/www.acapulcopress.com\/index.php\/wp-json\/wp\/v2\/posts\/1234823","targetHints":{"allow":["GET"]}}],"collection":[{"href":"https:\/\/www.acapulcopress.com\/index.php\/wp-json\/wp\/v2\/posts"}],"about":[{"href":"https:\/\/www.acapulcopress.com\/index.php\/wp-json\/wp\/v2\/types\/post"}],"author":[{"embeddable":true,"href":"https:\/\/www.acapulcopress.com\/index.php\/wp-json\/wp\/v2\/users\/2"}],"replies":[{"embeddable":true,"href":"https:\/\/www.acapulcopress.com\/index.php\/wp-json\/wp\/v2\/comments?post=1234823"}],"version-history":[{"count":0,"href":"https:\/\/www.acapulcopress.com\/index.php\/wp-json\/wp\/v2\/posts\/1234823\/revisions"}],"wp:featuredmedia":[{"embeddable":true,"href":"https:\/\/www.acapulcopress.com\/index.php\/wp-json\/"}],"wp:attachment":[{"href":"https:\/\/www.acapulcopress.com\/index.php\/wp-json\/wp\/v2\/media?parent=1234823"}],"wp:term":[{"taxonomy":"category","embeddable":true,"href":"https:\/\/www.acapulcopress.com\/index.php\/wp-json\/wp\/v2\/categories?post=1234823"},{"taxonomy":"post_tag","embeddable":true,"href":"https:\/\/www.acapulcopress.com\/index.php\/wp-json\/wp\/v2\/tags?post=1234823"}],"curies":[{"name":"wp","href":"https:\/\/api.w.org\/{rel}","templated":true}]}}