{"id":1234839,"date":"2021-11-19T22:13:25","date_gmt":"2021-11-20T04:13:25","guid":{"rendered":"https:\/\/www.acapulco.press\/?p=1234839"},"modified":"2021-11-19T22:13:25","modified_gmt":"2021-11-20T04:13:25","slug":"evelyn-recibe-estafeta-para-tianguis-2022","status":"publish","type":"post","link":"https:\/\/www.acapulcopress.com\/index.php\/2021\/11\/19\/evelyn-recibe-estafeta-para-tianguis-2022\/","title":{"rendered":"Evelyn recibe estafeta del Tianguis 2022"},"content":{"rendered":"<p style=\"text-align: justify;\">] M\u00c9RIDA, Yucat\u00e1n. * 19 de noviembre de 2021.<br \/>\n<em>) Gobierno de Guerrero.<\/em><\/p>\n<p style=\"text-align: justify;\">En una fiesta cultural que engalan\u00f3 las actividades del Tianguis Tur\u00edstico 2021, la gobernadora de Guerrero, Evelyn Salgado Pineda, recibi\u00f3 de manos de su hom\u00f3logo de Yucat\u00e1n, Mauricio Vila Dosal y del secretario de Turismo federal, Miguel Torruco Marqu\u00e9s, la estafeta para la realizaci\u00f3n de la edici\u00f3n 46 de este importante evento, que regresar\u00e1 a Acapulco en 2022.<\/p>\n<p style=\"text-align: justify;\"><img loading=\"lazy\" decoding=\"async\" class=\"alignleft size-medium wp-image-1234824\" src=\"https:\/\/www.acapulco.press\/wp-content\/uploads\/2021\/11\/tianguis-2022-375x250.jpg\" alt=\"\" width=\"375\" height=\"250\" \/>En la Ceremonia de Pase de Estafeta, que tuvo como marco la Hacienda Santa Cruz en M\u00e9rida, los asistentes pudieron apreciar las danzas tradicionales de Yucat\u00e1n, como son La Jarana y Las Suertes; adem\u00e1s de los bailes caracter\u00edsticos de Guerrero, entre los que destac\u00f3 el Baile de la Iguana, demostrando el folclore de ambas entidades.<\/p>\n<p style=\"text-align: justify;\">Durante su mensaje, la gobernadora guerrerense agradeci\u00f3 a los organizadores, todo su empe\u00f1o y compromiso para lograr el impulso al renacimiento del turismo en el pa\u00eds, que ante a la adversidad, implica retos y la oportunidad para salir adelante.<\/p>\n<p style=\"text-align: justify;\">\u201cHoy, me honra recibir la estafeta de los anfitriones del Tianguis Tur\u00edstico edici\u00f3n 45, con la certeza de que M\u00e9rida puso muy en alto el nombre de M\u00e9xico. Y con el agradecimiento de que con el compromiso de nuestro presidente, Andr\u00e9s Manuel L\u00f3pez Obrador con el pueblo de Guerrero, este gran evento regresar\u00e1 a casa, a Acapulco\u201d, dijo.<\/p>\n<p style=\"text-align: justify;\">ambi\u00e9n se\u00f1al\u00f3 que el regreso del Tianguis Tur\u00edstico, representa la identidad, la grandeza y la riqueza de la oferta tur\u00edstica, as\u00ed como la oportunidad de superar las situaciones dif\u00edciles.<\/p>\n<p style=\"text-align: justify;\">\u201cQue desde Acapulco renazca la esperanza de nuestros restauranteros, de nuestros hoteleros, prestadores de servicios tur\u00edsticos. Hoy inauguramos el inicio de un futuro m\u00e1s pr\u00f3spero para nuestra gente, y en Acapulco, con el apoyo y el esfuerzo del pueblo de Guerrero, le vamos a dar continuidad a todos y cada uno de los trabajos en materia tur\u00edstica\u201d, a\u00f1adi\u00f3.<\/p>\n<p style=\"text-align: justify;\">En este contexto felicit\u00f3 al gobernador Mauricio Vila Dosal, por la organizaci\u00f3n de este evento, que genera grandes expectativas para la edici\u00f3n del pr\u00f3ximo a\u00f1o.<\/p>\n<p style=\"text-align: justify;\">En su participaci\u00f3n, el secretario de Turismo federal, Miguel Torruco Marqu\u00e9s, reconoci\u00f3 la importancia de Acapulco en el tema tur\u00edstico, que \u201cha vivido, vive y vivir\u00e1\u201d, para seguir fortaleciendo esta actividad.<\/p>\n<p style=\"text-align: justify;\">\u201cHoy llega a su fin, pero adem\u00e1s es el inicio de una nueva esperanza, de una cuadrag\u00e9simo sexta edici\u00f3n del Tianguis Tur\u00edstico, en el lugar, en la tierra que vio nacer el Tianguis Tur\u00edstico en 1975, que es nuestro querido Acapulco\u201d, expres\u00f3.<\/p>\n<p style=\"text-align: justify;\">Para concluir, el gobernador Vila Dosal agradeci\u00f3 todo el apoyo que recibi\u00f3 para la organizaci\u00f3n de este evento, a la vez que expres\u00f3 su agradecimiento por ser part\u00edcipes del renacer del turismo. \u201cDe eso se trata el Tianguis Tur\u00edstico, de poder ver juntos y hacer juntos desde Yucat\u00e1n el renacer el turismo, para nuestros estados, para M\u00e9xico y para todo el mundo\u201d, destac\u00f3.<\/p>\n<p style=\"text-align: justify;\">Asistieron a este evento el subsecretario de Calidad y Regulaci\u00f3n de la Secretar\u00eda de Turismo federal, Humberto Hern\u00e1ndez Haddad; el secretario de Turismo de Guerrero, Santos Ram\u00edrez Cuevas; la secretaria de Fomento Tur\u00edstico de Yucat\u00e1n, Michelle Fridman Hirsch; la presidenta municipal de Acapulco, Abelina L\u00f3pez Rodr\u00edguez y el alcalde de M\u00e9rida, Ren\u00e1n Barrera Concha.<\/p>\n","protected":false},"excerpt":{"rendered":"<p>] M\u00c9RIDA, Yucat\u00e1n. * 19 de noviembre de 2021. ) Gobierno de Guerrero. En una fiesta cultural que engalan\u00f3 las actividades del Tianguis Tur\u00edstico 2021, la gobernadora de Guerrero, Evelyn Salgado Pineda, recibi\u00f3 de manos de su hom\u00f3logo de Yucat\u00e1n, Mauricio Vila Dosal y del secretario de Turismo federal, Miguel Torruco Marqu\u00e9s, la estafeta para&#8230;<\/p>\n","protected":false},"author":2,"featured_media":1234827,"comment_status":"closed","ping_status":"closed","sticky":false,"template":"","format":"standard","meta":{"footnotes":""},"categories":[1997],"tags":[8251,9302,17186,17191],"class_list":["post-1234839","post","type-post","status-publish","format-standard","has-post-thumbnail","hentry","category-noticias-destacadas","tag-evelyn-salgado-pineda","tag-gobierno-de-guerrero","tag-tianguis-turistico-acapulco-2022","tag-tianguis-turistico-merida-2021"],"_links":{"self":[{"href":"https:\/\/www.acapulcopress.com\/index.php\/wp-json\/wp\/v2\/posts\/1234839","targetHints":{"allow":["GET"]}}],"collection":[{"href":"https:\/\/www.acapulcopress.com\/index.php\/wp-json\/wp\/v2\/posts"}],"about":[{"href":"https:\/\/www.acapulcopress.com\/index.php\/wp-json\/wp\/v2\/types\/post"}],"author":[{"embeddable":true,"href":"https:\/\/www.acapulcopress.com\/index.php\/wp-json\/wp\/v2\/users\/2"}],"replies":[{"embeddable":true,"href":"https:\/\/www.acapulcopress.com\/index.php\/wp-json\/wp\/v2\/comments?post=1234839"}],"version-history":[{"count":0,"href":"https:\/\/www.acapulcopress.com\/index.php\/wp-json\/wp\/v2\/posts\/1234839\/revisions"}],"wp:featuredmedia":[{"embeddable":true,"href":"https:\/\/www.acapulcopress.com\/index.php\/wp-json\/"}],"wp:attachment":[{"href":"https:\/\/www.acapulcopress.com\/index.php\/wp-json\/wp\/v2\/media?parent=1234839"}],"wp:term":[{"taxonomy":"category","embeddable":true,"href":"https:\/\/www.acapulcopress.com\/index.php\/wp-json\/wp\/v2\/categories?post=1234839"},{"taxonomy":"post_tag","embeddable":true,"href":"https:\/\/www.acapulcopress.com\/index.php\/wp-json\/wp\/v2\/tags?post=1234839"}],"curies":[{"name":"wp","href":"https:\/\/api.w.org\/{rel}","templated":true}]}}