{"id":1234847,"date":"2021-12-01T16:57:53","date_gmt":"2021-12-01T22:57:53","guid":{"rendered":"https:\/\/www.acapulco.press\/?p=1234847"},"modified":"2021-12-01T16:57:53","modified_gmt":"2021-12-01T22:57:53","slug":"moderna-tendria-lista-vacuna-de-refuerzo-contra-omicron-en-marzo-del-2022","status":"publish","type":"post","link":"https:\/\/www.acapulcopress.com\/index.php\/2021\/12\/01\/moderna-tendria-lista-vacuna-de-refuerzo-contra-omicron-en-marzo-del-2022\/","title":{"rendered":"Moderna tendr\u00eda lista vacuna de refuerzo contra \u00d3micron en marzo del 2022"},"content":{"rendered":"<p style=\"text-align: justify;\">] NUEVA YORK. * 1\u00a0de diciembre de 2021.<br \/>\n<em>) Reuters \/ Uno Noticias.<\/em><\/p>\n<p style=\"text-align: justify;\">Moderna Inc. podr\u00eda tener una vacuna de refuerzo contra el COVID-19 dirigida a la variante \u00f3micron probada y lista para solicitar autorizaci\u00f3n en Estados Unidos en marzo, dijo el presidente de la compa\u00f1\u00eda el mi\u00e9rcoles.<\/p>\n<p style=\"text-align: justify;\">El presidente de Moderna, Stephen Hoge, afirm\u00f3 que cree que las vacunas de refuerzo que llevan genes dirigidos espec\u00edficamente a las mutaciones de la variante \u00f3micron recientemente descubierta ser\u00edan la forma m\u00e1s r\u00e1pida de abordar cualquier reducci\u00f3n prevista en la eficacia de la vacuna.<\/p>\n<p style=\"text-align: justify;\">\u00abYa hemos iniciado ese programa\u00bb, dijo a <em>Reuters<\/em>.<\/p>\n<p style=\"text-align: justify;\">La empresa tambi\u00e9n est\u00e1 trabajando en una vacuna multivalente que incluir\u00eda hasta cuatro variantes diferentes del coronavirus, incluida \u00f3micron. Eso podr\u00eda llevar varios meses m\u00e1s, dijo.<\/p>\n<p style=\"text-align: justify;\">Estados Unidos identific\u00f3 su primer caso de COVID-19 causado por la variante \u00f3micron en California, seg\u00fan informaron el mi\u00e9rcoles los Centros para el Control y la Prevenci\u00f3n de Enfermedades. [L1N2SM2IS]<\/p>\n<p style=\"text-align: justify;\">\u00d3micron, denominada \u00abvariante de preocupaci\u00f3n\u00bb por la Organizaci\u00f3n Mundial de la Salud, se est\u00e1 estudiando para ver si es m\u00e1s contagiosa o causa una enfermedad m\u00e1s grave que otras variantes, y si puede eludir la protecci\u00f3n de las vacunas actuales.<\/p>\n<p style=\"text-align: justify;\">Teniendo en cuenta las orientaciones previas de la Administraci\u00f3n de Alimentos y Medicamentos de Estados Unidos, que ha exigido la realizaci\u00f3n de pruebas cl\u00ednicas en la fase intermedia, Hoge dijo que el proceso podr\u00eda durar tres o cuatro meses.<\/p>\n<p style=\"text-align: justify;\">\u00abLos refuerzos espec\u00edficos de \u00f3micron, siendo realistas, no se producir\u00e1n antes de marzo y tal vez m\u00e1s en el segundo trimestre\u00bb, afirm\u00f3 Hoge, a menos que la FDA cambie sus orientaciones sobre los datos necesarios para la autorizaci\u00f3n.<\/p>\n","protected":false},"excerpt":{"rendered":"<p>] NUEVA YORK. * 1\u00a0de diciembre de 2021. ) Reuters \/ Uno Noticias. Moderna Inc. podr\u00eda tener una vacuna de refuerzo contra el COVID-19 dirigida a la variante \u00f3micron probada y lista para solicitar autorizaci\u00f3n en Estados Unidos en marzo, dijo el presidente de la compa\u00f1\u00eda el mi\u00e9rcoles. El presidente de Moderna, Stephen Hoge, afirm\u00f3&#8230;<\/p>\n","protected":false},"author":2,"featured_media":1235218,"comment_status":"closed","ping_status":"closed","sticky":false,"template":"","format":"standard","meta":{"footnotes":""},"categories":[1969,1972,1989],"tags":[13241,13951],"class_list":["post-1234847","post","type-post","status-publish","format-standard","has-post-thumbnail","hentry","category-trending","category-special","category-noticias-generales","tag-moderna-covid19","tag-omicron"],"_links":{"self":[{"href":"https:\/\/www.acapulcopress.com\/index.php\/wp-json\/wp\/v2\/posts\/1234847","targetHints":{"allow":["GET"]}}],"collection":[{"href":"https:\/\/www.acapulcopress.com\/index.php\/wp-json\/wp\/v2\/posts"}],"about":[{"href":"https:\/\/www.acapulcopress.com\/index.php\/wp-json\/wp\/v2\/types\/post"}],"author":[{"embeddable":true,"href":"https:\/\/www.acapulcopress.com\/index.php\/wp-json\/wp\/v2\/users\/2"}],"replies":[{"embeddable":true,"href":"https:\/\/www.acapulcopress.com\/index.php\/wp-json\/wp\/v2\/comments?post=1234847"}],"version-history":[{"count":0,"href":"https:\/\/www.acapulcopress.com\/index.php\/wp-json\/wp\/v2\/posts\/1234847\/revisions"}],"wp:featuredmedia":[{"embeddable":true,"href":"https:\/\/www.acapulcopress.com\/index.php\/wp-json\/"}],"wp:attachment":[{"href":"https:\/\/www.acapulcopress.com\/index.php\/wp-json\/wp\/v2\/media?parent=1234847"}],"wp:term":[{"taxonomy":"category","embeddable":true,"href":"https:\/\/www.acapulcopress.com\/index.php\/wp-json\/wp\/v2\/categories?post=1234847"},{"taxonomy":"post_tag","embeddable":true,"href":"https:\/\/www.acapulcopress.com\/index.php\/wp-json\/wp\/v2\/tags?post=1234847"}],"curies":[{"name":"wp","href":"https:\/\/api.w.org\/{rel}","templated":true}]}}