{"id":1234848,"date":"2021-11-21T12:04:23","date_gmt":"2021-11-21T18:04:23","guid":{"rendered":"https:\/\/www.acapulco.press\/?p=1234848"},"modified":"2021-11-21T12:04:23","modified_gmt":"2021-11-21T18:04:23","slug":"insabi-dio-bienvenida-a-personal-de-salud-que-laborara-en-guerrero","status":"publish","type":"post","link":"https:\/\/www.acapulcopress.com\/index.php\/2021\/11\/21\/insabi-dio-bienvenida-a-personal-de-salud-que-laborara-en-guerrero\/","title":{"rendered":"Insabi di\u00f3 bienvenida a personal de Salud que laborar\u00e1 en Guerrero"},"content":{"rendered":"<p style=\"text-align: justify;\">* En una semana, Insabi contrat\u00f3 290 m\u00e9dicos, m\u00e9dicas y personal de enfermer\u00eda que dar\u00e1n atenci\u00f3n de calidad a la poblaci\u00f3n guerrerense sin seguridad social<\/p>\n<p style=\"text-align: justify;\"><strong>* La meta es contratar a 359 profesionales de la salud para cubrir todas las jurisdicciones de la entidad, por lo que pr\u00f3ximamente se contratar\u00e1n a 69 candidatos m\u00e1s<\/strong><\/p>\n<p style=\"text-align: justify;\">* Personal de salud contratado dar\u00e1 atenci\u00f3n en las regiones Centro, Acapulco, Costa Chica y Monta\u00f1a de Guerrero<\/p>\n<p style=\"text-align: justify;\"><strong>* Insabi brindar\u00e1 capacitaci\u00f3n y educaci\u00f3n continua al personal m\u00e9dico contratado<\/p>\n<p><img loading=\"lazy\" decoding=\"async\" class=\"alignnone wp-image-1234853 size-large\" src=\"https:\/\/www.acapulco.press\/wp-content\/uploads\/2021\/11\/INSABIGRO6-840x630.jpeg\" alt=\"\" width=\"840\" height=\"630\" \/><br \/>\n<\/strong><\/p>\n<p style=\"text-align: justify;\">] ACAPULO. * 20 de noviembre de 2021.<br \/>\n<em>) Insabi.<\/em><\/p>\n<p style=\"text-align: justify;\">Este s\u00e1bado 20 de noviembre, el Instituto de Salud para el Bienestar (Insabi), en conjunto con la Secretar\u00eda de Salud federal y de Guerrero llevaron a cabo la ceremonia para entregar 290 contratos a profesionales de la salud que atender\u00e1n a la poblaci\u00f3n guerrerense sin seguridad social en las regiones Centro, Acapulco, Costa Chica y Monta\u00f1a de la entidad.<\/p>\n<p style=\"text-align: justify;\"><img loading=\"lazy\" decoding=\"async\" class=\"alignleft size-medium wp-image-1234852\" src=\"https:\/\/www.acapulco.press\/wp-content\/uploads\/2021\/11\/INSABIGRO4-375x281.jpeg\" alt=\"\" width=\"375\" height=\"281\" \/>En presencia del secretario de Salud, Jorge Alcocer Varela, el director general del Insabi, Juan Antonio Ferrer Aguilar, detall\u00f3 que este proceso inici\u00f3 aproximadamente hace tres semanas y para seleccionar a los 290 profesionales de la salud que hoy firman contrato, servidores p\u00fablicos del Insabi entrevistaron a mil 199 candidatos.<\/p>\n<p style=\"text-align: justify;\">Ferrer Aguilar inform\u00f3 que continuar\u00e1 el reclutamiento del personal de salud, por lo que buscar\u00e1n a 69 candidatos m\u00e1s para concluir la integraci\u00f3n de 359 trabajadores de salud que prestar\u00e1n sus servicios en las jurisdicciones Centro, Acapulco, Monta\u00f1a y Costa Chica de Guerrero. Adelant\u00f3 que el pr\u00f3ximo mes se reclutar\u00e1n 600 candidatos m\u00e1s con el fin de cubrir las otras tres jurisdicciones del estado que hacen falta.<\/p>\n<p style=\"text-align: justify;\">El director general del Insabi enfatiz\u00f3 que el personal de salud contratado tiene la tarea de determinar las acciones m\u00e9dicas y de salud p\u00fablica que se realizar\u00e1n en las localidades donde est\u00e9n laborando.<\/p>\n<p style=\"text-align: justify;\">Indic\u00f3 que el Insabi brindar\u00e1 capacitaci\u00f3n y educaci\u00f3n continua al personal m\u00e9dico contratado, con el fin <img loading=\"lazy\" decoding=\"async\" class=\"alignleft size-medium wp-image-1234850\" src=\"https:\/\/www.acapulco.press\/wp-content\/uploads\/2021\/11\/INSABIGRO2-375x281.jpeg\" alt=\"\" width=\"375\" height=\"281\" \/>de garantizar la calidad en la atenci\u00f3n que se va a ofrecer en beneficio de la gente de Guerrero.<\/p>\n<p style=\"text-align: justify;\">Asimismo, se\u00f1al\u00f3 que la instituci\u00f3n a su cargo garantizar\u00e1 que el personal de salud cuente con el instrumental m\u00e9dico necesario para atender a la poblaci\u00f3n guerrerense; que no falten medicamentos y que los centros de salud tengan todos los servicios necesarios para funcionar.<\/p>\n<p style=\"text-align: justify;\">Puntualiz\u00f3 que lograr esto es tarea de los tres \u00f3rdenes de gobierno, por lo que trabajar\u00e1n de manera conjunta para asegurarse que los habitantes del estado de Guerrero reciban la atenci\u00f3n de calidad. \u201cLa salud es trabajo y responsabilidad de todos\u201d, agreg\u00f3.<\/p>\n<p style=\"text-align: justify;\">De igual manera, Ferrer Aguilar dio a conocer que el Insabi trabaja en el desarrollo de un nuevo hospital en Guerrero, que estar\u00e1 ubicado en Ciudad Renacimiento y Chilapa. Asegur\u00f3 que el Insabi proporcionar\u00e1 el personal de salud que haga falta en los hospitales de la entidad para garantizar atenci\u00f3n de la poblaci\u00f3n.<\/p>\n<p style=\"text-align: justify;\"><img loading=\"lazy\" decoding=\"async\" class=\"alignleft size-medium wp-image-1234849\" src=\"https:\/\/www.acapulco.press\/wp-content\/uploads\/2021\/11\/INSABIGRO-375x281.jpeg\" alt=\"\" width=\"375\" height=\"281\" \/>Reiter\u00f3 el compromiso establecido por el secretario de Salud, Jorge Alcocer Varela, ante el presidente Andr\u00e9s Manuel L\u00f3pez Obrador, que en tres a\u00f1os el modelo de salud de Guerrero sea ejemplo en todo el pa\u00eds.<\/p>\n<p style=\"text-align: justify;\">El secretario de Salud, Jorge Alcocer Varela, afirm\u00f3 que para transformar el sistema sanitario y la atenci\u00f3n m\u00e9dica es necesario impulsar y revalorar al personal m\u00e9dico, de enfermer\u00eda, param\u00e9dico, de nutrici\u00f3n, psicolog\u00eda, trabajo social y odontolog\u00eda, entre otras profesiones de este campo.<\/p>\n<p style=\"text-align: justify;\">Las y los trabajadores de la salud que han sido contratados por el Insabi y que a partir de hoy est\u00e1n comprometidos con el bienestar de la poblaci\u00f3n guerrerense contar\u00e1n con posibilidades de crecimiento y est\u00edmulos por su pr\u00e1ctica profesional en la atenci\u00f3n primaria a la salud.<\/p>\n<p style=\"text-align: justify;\">Detall\u00f3 que el personal de nueva contrataci\u00f3n prestar\u00e1 su servicio en las comunidades donde \u201cemergen ocho de cada 10 enfermedades, en donde se previene y no s\u00f3lo se cura o se diagnostican los problemas de sobrepeso, obesidad, presi\u00f3n arterial elevada, diabetes, infecciones como lepra, tuberculosis y muchas otras m\u00e1s\u201d, a\u00f1adi\u00f3.<\/p>\n<p style=\"text-align: justify;\">Alcocer Varela subray\u00f3 que la labor de las y los profesionales contribuir\u00e1 a garantizar el acceso a la atenci\u00f3n m\u00e9dica de la poblaci\u00f3n guerrerense, y confi\u00f3 en que desempe\u00f1ar\u00e1n su labor con compromiso y solidaridad. Adem\u00e1s, reivindicar\u00e1n la \u00e9tica y el derecho a la salud que merecen las personas.<\/p>\n<p style=\"text-align: justify;\">Durante el acto protocolario realizado en el Parque Papagayo, en Acapulco, la gobernadora de Guerrero, Evelyn Salgado Pineda, acompa\u00f1ada por la secretaria de Salud estatal, Aid\u00e9 Ibarez Castro, resalt\u00f3 la importancia de la unidad, la coordinaci\u00f3n y el trabajo entre los distintos \u00f3rdenes de gobierno, ya que \u201cesto siempre va a tener buenos resultados para las y los guerrerenses\u201d.<\/p>\n<p style=\"text-align: justify;\">Expres\u00f3 que este d\u00eda est\u00e1n de fiesta por la entrega de los contratos y agreg\u00f3 que 41 municipios de estas regiones contar\u00e1n con un refuerzo humano importante e invaluable para seguir fortaleciendo las instituciones del estado y para garantizar el derecho humano a la salud, el cual \u201cno debe de ser nunca m\u00e1s un privilegio ni una mercanc\u00eda\u201d.<\/p>\n<p style=\"text-align: justify;\">La jefa del Ejecutivo estatal expres\u00f3 que mejorar la infraestructura hospitalaria y asegurar medicamentos, insumos m\u00e9dicos y personal de salud en todas las cl\u00ednicas es un tema prioritario en su gobierno y es un compromiso realizado por el gobierno estatal y federal ante el presidente.<\/p>\n<p style=\"text-align: justify;\">Posterior a la ceremonia se procedi\u00f3 a la firma de los 290 contratos, de los cuales 66 son de m\u00e9dicas y m\u00e9dicos, 195 de personal de enfermer\u00eda y 29 de otros profesionales de la salud que dar\u00e1n atenci\u00f3n a la salud de calidad.<\/p>\n<p style=\"text-align: justify;\">El personal de salud contratado que ser\u00e1 asignado a la regi\u00f3n Centro, cubre los municipios de Ahuacuotzingo, Chilapa de \u00c1lvarez, Chilpancingo de los Bravo, Eduardo Neri, General Heliodoro Castillo, Jos\u00e9 Joaqu\u00edn de Herrera, Juan R. Escudero, Leonardo Bravo, M\u00e1rtir de Cuilapan, Mochitl\u00e1n, Quechultenango, Tixtla de Guerrero y Zitlala.<\/p>\n<p style=\"text-align: justify;\">La Costa Chica abarca los municipios de Ayutla de los Libres, Copala, Cuajinicuilapa, Cuautepec, Florencio Villareal, Igualapa, Juchit\u00e1n, Ometepec, San Luis Acatl\u00e1n, San Marcos, Tecoanapa y Tlacoachistlahuaca.<\/p>\n<p style=\"text-align: justify;\">La regi\u00f3n de la Monta\u00f1a incluye a Acatepec, Alcozauca de Guerrero, Alpoyeca, Atlamajalcingo del Monte, Atlixtac, Cochoapa El Grande, Copanatoyac, Cualac, Huamuxtitl\u00e1n, Iliatenco, Malinaltepec, Metlat\u00f3noc, Olinal\u00e1, Tlacoapa, Tlalixtaquilla de Maldonado, Tlapa de Comonfort, Xalpatl\u00e1huac, Xochihuehuetl\u00e1n y Zapotitl\u00e1n Tablas.<\/p>\n<p style=\"text-align: justify;\">Al finalizar el evento se realiz\u00f3 el curso de capacitaci\u00f3n para personal de nuevo ingreso de la rama m\u00e9dica, param\u00e9dica y grupos afines en el cual se abordaron temas como misi\u00f3n y visi\u00f3n del Insabi, c\u00f3digo de \u00e9tica de las personas servidoras p\u00fablicas, atenci\u00f3n a la salud y enfermer\u00eda en el primer nivel y sus caracter\u00edsticas, calidad y seguridad de la atenci\u00f3n en salud, as\u00ed como trabajo en equipo y sentido de pertenencia.<\/p>\n<p style=\"text-align: justify;\">En el acto p\u00fablico estuvieron presentes los titulares de las unidades de Coordinaci\u00f3n Nacional M\u00e9dica, Ra\u00fal Pe\u00f1a Viveros; de Estructura y Rehabilitaci\u00f3n de Establecimientos de Salud; Carlos S\u00e1nchez Meneses; de Administraci\u00f3n y Finanzas, V\u00edctor Manuel Lamoyi Bocanegra y de Abasto de Medicamentos y de Equipamiento M\u00e9dico, Alejandro Calder\u00f3n Alipi, as\u00ed como el coordinador de Recursos Humanos y Regularizaci\u00f3n de Personal, Candelario P\u00e9rez Alvarado. Igualmente, particip\u00f3 la presidenta municipal de Acapulco, Abelina L\u00f3pez Rodr\u00edguez.<\/p>\n","protected":false},"excerpt":{"rendered":"<p>* En una semana, Insabi contrat\u00f3 290 m\u00e9dicos, m\u00e9dicas y personal de enfermer\u00eda que dar\u00e1n atenci\u00f3n de calidad a la poblaci\u00f3n guerrerense sin seguridad social * La meta es contratar a 359 profesionales de la salud para cubrir todas las jurisdicciones de la entidad, por lo que pr\u00f3ximamente se contratar\u00e1n a 69 candidatos m\u00e1s *&#8230;<\/p>\n","protected":false},"author":2,"featured_media":1234851,"comment_status":"closed","ping_status":"closed","sticky":false,"template":"","format":"standard","meta":{"footnotes":""},"categories":[1972,18561,2083],"tags":[3423,8251,10220,10877,11153,16239,16241],"class_list":["post-1234848","post","type-post","status-publish","format-standard","has-post-thumbnail","hentry","category-special","category-society-politics","category-seguridad-social","tag-aide-ibarez-castro","tag-evelyn-salgado-pineda","tag-instituto-de-salud-para-el-bienestar-insabi","tag-jorge-alcocer-varela","tag-juan-antonio-ferrer-aguilar","tag-secretaria-de-salud","tag-secretaria-de-salud-de-guerrero"],"_links":{"self":[{"href":"https:\/\/www.acapulcopress.com\/index.php\/wp-json\/wp\/v2\/posts\/1234848","targetHints":{"allow":["GET"]}}],"collection":[{"href":"https:\/\/www.acapulcopress.com\/index.php\/wp-json\/wp\/v2\/posts"}],"about":[{"href":"https:\/\/www.acapulcopress.com\/index.php\/wp-json\/wp\/v2\/types\/post"}],"author":[{"embeddable":true,"href":"https:\/\/www.acapulcopress.com\/index.php\/wp-json\/wp\/v2\/users\/2"}],"replies":[{"embeddable":true,"href":"https:\/\/www.acapulcopress.com\/index.php\/wp-json\/wp\/v2\/comments?post=1234848"}],"version-history":[{"count":0,"href":"https:\/\/www.acapulcopress.com\/index.php\/wp-json\/wp\/v2\/posts\/1234848\/revisions"}],"wp:featuredmedia":[{"embeddable":true,"href":"https:\/\/www.acapulcopress.com\/index.php\/wp-json\/"}],"wp:attachment":[{"href":"https:\/\/www.acapulcopress.com\/index.php\/wp-json\/wp\/v2\/media?parent=1234848"}],"wp:term":[{"taxonomy":"category","embeddable":true,"href":"https:\/\/www.acapulcopress.com\/index.php\/wp-json\/wp\/v2\/categories?post=1234848"},{"taxonomy":"post_tag","embeddable":true,"href":"https:\/\/www.acapulcopress.com\/index.php\/wp-json\/wp\/v2\/tags?post=1234848"}],"curies":[{"name":"wp","href":"https:\/\/api.w.org\/{rel}","templated":true}]}}