{"id":1234870,"date":"2021-11-22T21:05:56","date_gmt":"2021-11-23T03:05:56","guid":{"rendered":"https:\/\/www.acapulco.press\/?p=1234870"},"modified":"2021-11-22T21:05:56","modified_gmt":"2021-11-23T03:05:56","slug":"rector-romero-asiste-a-l-39-aniversario-de-la-facultad-de-arquitectura-y-urbanismo","status":"publish","type":"post","link":"https:\/\/www.acapulcopress.com\/index.php\/2021\/11\/22\/rector-romero-asiste-a-l-39-aniversario-de-la-facultad-de-arquitectura-y-urbanismo\/","title":{"rendered":"Rector Romero asiste al 39 aniversario de la Facultad de Arquitectura y Urbanismo"},"content":{"rendered":"<p><img loading=\"lazy\" decoding=\"async\" class=\"alignnone wp-image-1234882 size-large\" src=\"https:\/\/www.acapulco.press\/wp-content\/uploads\/2021\/11\/39-Aniversario-FAU-UAgro12-840x560.jpg\" alt=\"\" width=\"840\" height=\"560\" \/><\/p>\n<p>] CHILPANCINGO. * 22 de noviembre de 2021.<br \/>\n) UAGro.<\/p>\n<p style=\"text-align: justify;\">El rector, Dr. Jos\u00e9 Alfredo Romero Olea, asisti\u00f3 a la celebraci\u00f3n del 39 aniversario de la emblem\u00e1tica Facultad de Arquitectura y Urbanismo, donde inaugur\u00f3 las actividades de la Semana de Arquitectura 2021, en presencia del Mtro. Silvestre Mayo Arredondo, director de la facultad, as\u00ed como de docentes y estudiantes.<\/p>\n<p>Durante su visita, inaugur\u00f3 la biblioteca \u00abDr. Jorge Gonz\u00e1lez Claveran\u00bb, junto a la Dra. Oliva Gonz\u00e1lez Claveran, a quien le fue otorgado un reconocimiento por su invaluable aporte para el equipamiento de la biblioteca.<\/p>\n\n","protected":false},"excerpt":{"rendered":"<p>] CHILPANCINGO. * 22 de noviembre de 2021. ) UAGro. El rector, Dr. Jos\u00e9 Alfredo Romero Olea, asisti\u00f3 a la celebraci\u00f3n del 39 aniversario de la emblem\u00e1tica Facultad de Arquitectura y Urbanismo, donde inaugur\u00f3 las actividades de la Semana de Arquitectura 2021, en presencia del Mtro. Silvestre Mayo Arredondo, director de la facultad, as\u00ed como&#8230;<\/p>\n","protected":false},"author":2,"featured_media":1234888,"comment_status":"closed","ping_status":"closed","sticky":false,"template":"","format":"standard","meta":{"footnotes":""},"categories":[1972,18561,2016],"tags":[2896,10980,17610],"class_list":["post-1234870","post","type-post","status-publish","format-standard","has-post-thumbnail","hentry","category-special","category-society-politics","category-uagro-society-politics","tag-uagro-2","tag-jose-alfredo-romero-olea","tag-universidad-autonoma-de-guerrero-uagro"],"_links":{"self":[{"href":"https:\/\/www.acapulcopress.com\/index.php\/wp-json\/wp\/v2\/posts\/1234870","targetHints":{"allow":["GET"]}}],"collection":[{"href":"https:\/\/www.acapulcopress.com\/index.php\/wp-json\/wp\/v2\/posts"}],"about":[{"href":"https:\/\/www.acapulcopress.com\/index.php\/wp-json\/wp\/v2\/types\/post"}],"author":[{"embeddable":true,"href":"https:\/\/www.acapulcopress.com\/index.php\/wp-json\/wp\/v2\/users\/2"}],"replies":[{"embeddable":true,"href":"https:\/\/www.acapulcopress.com\/index.php\/wp-json\/wp\/v2\/comments?post=1234870"}],"version-history":[{"count":0,"href":"https:\/\/www.acapulcopress.com\/index.php\/wp-json\/wp\/v2\/posts\/1234870\/revisions"}],"wp:featuredmedia":[{"embeddable":true,"href":"https:\/\/www.acapulcopress.com\/index.php\/wp-json\/"}],"wp:attachment":[{"href":"https:\/\/www.acapulcopress.com\/index.php\/wp-json\/wp\/v2\/media?parent=1234870"}],"wp:term":[{"taxonomy":"category","embeddable":true,"href":"https:\/\/www.acapulcopress.com\/index.php\/wp-json\/wp\/v2\/categories?post=1234870"},{"taxonomy":"post_tag","embeddable":true,"href":"https:\/\/www.acapulcopress.com\/index.php\/wp-json\/wp\/v2\/tags?post=1234870"}],"curies":[{"name":"wp","href":"https:\/\/api.w.org\/{rel}","templated":true}]}}