{"id":1234894,"date":"2021-11-22T21:37:03","date_gmt":"2021-11-23T03:37:03","guid":{"rendered":"https:\/\/www.acapulco.press\/?p=1234894"},"modified":"2021-11-22T21:37:03","modified_gmt":"2021-11-23T03:37:03","slug":"vacunacion-para-rezagados-caos-total","status":"publish","type":"post","link":"https:\/\/www.acapulcopress.com\/index.php\/2021\/11\/22\/vacunacion-para-rezagados-caos-total\/","title":{"rendered":"Vacunaci\u00f3n para rezagados, caos total"},"content":{"rendered":"<p style=\"text-align: justify;\">\u00bb Fulgencio Ram\u00edrez Lozano.<br \/>\n] ACAPULCO. * 21 de noviembre de 2021.<br \/>\n<em>) Mundo21.<\/em><br \/>\nLa jornada nacional de vacunaci\u00f3n contra el Covid-19 que se realiz\u00f3 en esta ciudad y puerto, teniendo como punto para aplicar las dosis a rezagados y mujeres embarazadas la Unidad Deportiva \u00abJorge campos\u00bb de Ciudad Renacimiento, fue desorganizado al grado que hubo personas golpeadas a cachazos, desmayadas por la insolaci\u00f3n y tr\u00e1fico de lugares y fichas, adem\u00e1s de presencia de delincuentes, sin que el ning\u00fan \u00f3rgano de gobierno asumiera y tomara el control de las actividades.<\/p>\n<p style=\"text-align: justify;\"><img loading=\"lazy\" decoding=\"async\" class=\"alignleft size-medium wp-image-1234898\" src=\"https:\/\/www.acapulco.press\/wp-content\/uploads\/2021\/11\/VACUNA-REZAGADOS3-375x281.jpg\" alt=\"\" width=\"375\" height=\"281\" \/>Aunque el gobierno municipal, estatal y federal tienen conocimiento de que hab\u00eda muchos rezagados en recibir una y hasta las dos dosis en contra del SARS-COV-2, los \u00abServidores de la Naci\u00f3n\u00bb mostraron su ignorancia o les falt\u00f3 sentido com\u00fan para organizar, controlar y atender a miles de personas que acudieron al macropunto para recibir la inoculaci\u00f3n en contra del virus del Coronavirus.<\/p>\n<p style=\"text-align: justify;\">Y es que, seg\u00fan datos de la ciudadan\u00eda, a pesar que algunos llegaron desde horas antes de que empezar\u00e1 la vacunaci\u00f3n (9:00 horas). Los organizadores empezaron a repartir alrededor de mil 500 fichas, cuando en las filas hab\u00eda aproximadamente 3 mil.<\/p>\n<p style=\"text-align: justify;\">Caos, tr\u00e1fico de fichas, presencia de la delincuentes, dos herdos a cachazos por descontrol y acaparamiento de espacios en la formaci\u00f3n; Guardia Nacional, Polic\u00eda Municipal y del Estado, dejaron a su suerte a los que iban a vacunarse. Fueron intimidados por la tres sujetos, presuntamente, de la delincuencia organizada.<\/p>\n<p style=\"text-align: justify;\"><img loading=\"lazy\" decoding=\"async\" class=\"alignleft size-medium wp-image-1234897\" src=\"https:\/\/www.acapulco.press\/wp-content\/uploads\/2021\/11\/VACUNA-REZAGADOS2-375x281.jpg\" alt=\"\" width=\"375\" height=\"281\" \/>El responsable de la jornada de vacunaci\u00f3n es el delegado del gobierno federal, Iv\u00e1n Hern\u00e1ndez, quien mostr\u00f3 su ineptitud. La vacunaci\u00f3n fue programada para realizarse este lunes, a las personas que tienen apellidos iniciales de la A a la N, y ma\u00f1ana martes, de la O a al Z.<\/p>\n<p style=\"text-align: justify;\">El caos fue total cuando a las 13:20 horas personal de la secretaria de Bienestar y del Insabi ordenaron cerrar la reja de acceso a d\u00f3nde se aplicaban las dosis.<\/p>\n<p style=\"text-align: justify;\">Lo peor del caso es que no se respetaron los protocolos sanitarios y hab\u00eda mucha gente que no portaban el cubrebocas de manera adecuada.<\/p>\n<p style=\"text-align: justify;\">Finalmente, los quejosos hicieron un llamado a la gobernadora Evelyn Salgado Pineda para que intervenga para que la poblaci\u00f3n que a\u00fan no se ha vacunado, lo haga.<\/p>\n","protected":false},"excerpt":{"rendered":"<p>\u00bb Fulgencio Ram\u00edrez Lozano. ] ACAPULCO. * 21 de noviembre de 2021. ) Mundo21. La jornada nacional de vacunaci\u00f3n contra el Covid-19 que se realiz\u00f3 en esta ciudad y puerto, teniendo como punto para aplicar las dosis a rezagados y mujeres embarazadas la Unidad Deportiva \u00abJorge campos\u00bb de Ciudad Renacimiento, fue desorganizado al grado que&#8230;<\/p>\n","protected":false},"author":2,"featured_media":1234896,"comment_status":"closed","ping_status":"closed","sticky":false,"template":"","format":"standard","meta":{"footnotes":""},"categories":[1972,1997],"tags":[6705],"class_list":["post-1234894","post","type-post","status-publish","format-standard","has-post-thumbnail","hentry","category-special","category-noticias-destacadas","tag-covid19"],"_links":{"self":[{"href":"https:\/\/www.acapulcopress.com\/index.php\/wp-json\/wp\/v2\/posts\/1234894","targetHints":{"allow":["GET"]}}],"collection":[{"href":"https:\/\/www.acapulcopress.com\/index.php\/wp-json\/wp\/v2\/posts"}],"about":[{"href":"https:\/\/www.acapulcopress.com\/index.php\/wp-json\/wp\/v2\/types\/post"}],"author":[{"embeddable":true,"href":"https:\/\/www.acapulcopress.com\/index.php\/wp-json\/wp\/v2\/users\/2"}],"replies":[{"embeddable":true,"href":"https:\/\/www.acapulcopress.com\/index.php\/wp-json\/wp\/v2\/comments?post=1234894"}],"version-history":[{"count":0,"href":"https:\/\/www.acapulcopress.com\/index.php\/wp-json\/wp\/v2\/posts\/1234894\/revisions"}],"wp:featuredmedia":[{"embeddable":true,"href":"https:\/\/www.acapulcopress.com\/index.php\/wp-json\/"}],"wp:attachment":[{"href":"https:\/\/www.acapulcopress.com\/index.php\/wp-json\/wp\/v2\/media?parent=1234894"}],"wp:term":[{"taxonomy":"category","embeddable":true,"href":"https:\/\/www.acapulcopress.com\/index.php\/wp-json\/wp\/v2\/categories?post=1234894"},{"taxonomy":"post_tag","embeddable":true,"href":"https:\/\/www.acapulcopress.com\/index.php\/wp-json\/wp\/v2\/tags?post=1234894"}],"curies":[{"name":"wp","href":"https:\/\/api.w.org\/{rel}","templated":true}]}}