{"id":1234903,"date":"2021-11-22T21:57:40","date_gmt":"2021-11-23T03:57:40","guid":{"rendered":"https:\/\/www.acapulco.press\/?p=1234903"},"modified":"2021-11-22T21:57:40","modified_gmt":"2021-11-23T03:57:40","slug":"fiscalia-guerrero-investiga-homicidio-de-integrantes-del-fusdeg","status":"publish","type":"post","link":"https:\/\/www.acapulcopress.com\/index.php\/2021\/11\/22\/fiscalia-guerrero-investiga-homicidio-de-integrantes-del-fusdeg\/","title":{"rendered":"Fiscal\u00eda Guerrero investiga homicidio de integrantes del FUSDEG"},"content":{"rendered":"<p>] CHILPANCINGO. * 20 de noviembre de 2021.<br \/>\n<em>) FGE.<\/em><br \/>\nLa Fiscal\u00eda General del Estado realiza la investigaci\u00f3n por el delito de homicidio por arma de fuego en agravio de Maximino \u00abN\u00bb y Bonifacio \u00abN\u00bb, ambos integrantes de la Polic\u00eda Comunitaria en el municipio de Juan R. Escudero perteneciente\u00a0 al\u00a0Frente Unido por la Seguridad y el Desarrollo del Estado de Guerrero (FUSDEG).<\/p>\n<p>De acuerdo a los hechos y periciales practicadas, los cuerpos se encontraron en el interior de un veh\u00edculo marca Ford, tipo Lobo, color negro y con placas del Estado de Guerrero, quienes presentaban heridas por arma de fuego en calle Ol\u00edmpica, encontrado casquillos percutidos de R.15, esto en colonia San Jos\u00e9, de Tierra Colorada.<\/p>\n<p>Los polic\u00edas comunitarios pertenec\u00edan al Frente Unido para la Seguridad y el Desarrollo del Estado de Guerrero (FUSDEG) y, los cuerpos por negativa de los familiares, no han podido ser trasladados al Servicio M\u00e9dico Forense, sin embargo la Fiscal\u00eda continuar\u00e1 los actos de investigaci\u00f3n correspondientes.<\/p>\n","protected":false},"excerpt":{"rendered":"<p>] CHILPANCINGO. * 20 de noviembre de 2021. ) FGE. La Fiscal\u00eda General del Estado realiza la investigaci\u00f3n por el delito de homicidio por arma de fuego en agravio de Maximino \u00abN\u00bb y Bonifacio \u00abN\u00bb, ambos integrantes de la Polic\u00eda Comunitaria en el municipio de Juan R. Escudero perteneciente\u00a0 al\u00a0Frente Unido por la Seguridad y&#8230;<\/p>\n","protected":false},"author":2,"featured_media":1178550,"comment_status":"closed","ping_status":"closed","sticky":false,"template":"","format":"standard","meta":{"footnotes":""},"categories":[1969,2005],"tags":[8700,8962],"class_list":["post-1234903","post","type-post","status-publish","format-standard","has-post-thumbnail","hentry","category-trending","category-seguridad-y-justicia","tag-fiscalia-general-del-estado-de-guerrero","tag-frente-unido-por-la-seguridad-y-el-desarrollo-del-estado-de-guerrero-fusdeg"],"_links":{"self":[{"href":"https:\/\/www.acapulcopress.com\/index.php\/wp-json\/wp\/v2\/posts\/1234903","targetHints":{"allow":["GET"]}}],"collection":[{"href":"https:\/\/www.acapulcopress.com\/index.php\/wp-json\/wp\/v2\/posts"}],"about":[{"href":"https:\/\/www.acapulcopress.com\/index.php\/wp-json\/wp\/v2\/types\/post"}],"author":[{"embeddable":true,"href":"https:\/\/www.acapulcopress.com\/index.php\/wp-json\/wp\/v2\/users\/2"}],"replies":[{"embeddable":true,"href":"https:\/\/www.acapulcopress.com\/index.php\/wp-json\/wp\/v2\/comments?post=1234903"}],"version-history":[{"count":0,"href":"https:\/\/www.acapulcopress.com\/index.php\/wp-json\/wp\/v2\/posts\/1234903\/revisions"}],"wp:featuredmedia":[{"embeddable":true,"href":"https:\/\/www.acapulcopress.com\/index.php\/wp-json\/"}],"wp:attachment":[{"href":"https:\/\/www.acapulcopress.com\/index.php\/wp-json\/wp\/v2\/media?parent=1234903"}],"wp:term":[{"taxonomy":"category","embeddable":true,"href":"https:\/\/www.acapulcopress.com\/index.php\/wp-json\/wp\/v2\/categories?post=1234903"},{"taxonomy":"post_tag","embeddable":true,"href":"https:\/\/www.acapulcopress.com\/index.php\/wp-json\/wp\/v2\/tags?post=1234903"}],"curies":[{"name":"wp","href":"https:\/\/api.w.org\/{rel}","templated":true}]}}