{"id":1234908,"date":"2021-11-23T18:27:49","date_gmt":"2021-11-24T00:27:49","guid":{"rendered":"https:\/\/www.acapulco.press\/?p=1234908"},"modified":"2021-11-23T18:27:49","modified_gmt":"2021-11-24T00:27:49","slug":"convoca-marcial-rodriguez-a-trabajadores-de-seg-a-fortalecer-la-educacion","status":"publish","type":"post","link":"https:\/\/www.acapulcopress.com\/index.php\/2021\/11\/23\/convoca-marcial-rodriguez-a-trabajadores-de-seg-a-fortalecer-la-educacion\/","title":{"rendered":"Convoca Marcial Rodr\u00edguez a trabajadores de SEG a fortalecer la educaci\u00f3n"},"content":{"rendered":"<p><img loading=\"lazy\" decoding=\"async\" class=\"alignnone wp-image-1234910 size-large\" src=\"https:\/\/www.acapulco.press\/wp-content\/uploads\/2021\/11\/seg-EDUC2-840x423.jpeg\" alt=\"\" width=\"840\" height=\"423\" \/><\/p>\n<p>] CHILPANCINGO. * 23 de noviembre de 2021.<br \/>\n<em>) SEG.<\/em><br \/>\nEl secretario de Educaci\u00f3n en Guerrero, Marcial Rodr\u00edguez Salda\u00f1a, llam\u00f3 a los trabajadores de esta instituci\u00f3n a concentrarse en el fortalecimiento de la ense\u00f1anza para las ni\u00f1as, ni\u00f1os, adolescentes y j\u00f3venes en la entidad.<\/p>\n<p>Rodriguez Salda\u00f1a dijo que la gobernadora Evelyn Salgado Pineda est\u00e1 impulsando la transformacion educativa en Guerrero.<\/p>\n<p>Lo anterior lo expres\u00f3 en una reuni\u00f3n con representantes de los trabajadores del la oficina de la Secretar\u00eda.<\/p>\n<p><img loading=\"lazy\" decoding=\"async\" class=\"alignnone wp-image-1234909 size-large\" src=\"https:\/\/www.acapulco.press\/wp-content\/uploads\/2021\/11\/seg-EDUC-840x560.jpeg\" alt=\"\" width=\"840\" height=\"560\" \/><\/p>\n","protected":false},"excerpt":{"rendered":"<p>] CHILPANCINGO. * 23 de noviembre de 2021. ) SEG. El secretario de Educaci\u00f3n en Guerrero, Marcial Rodr\u00edguez Salda\u00f1a, llam\u00f3 a los trabajadores de esta instituci\u00f3n a concentrarse en el fortalecimiento de la ense\u00f1anza para las ni\u00f1as, ni\u00f1os, adolescentes y j\u00f3venes en la entidad. Rodriguez Salda\u00f1a dijo que la gobernadora Evelyn Salgado Pineda est\u00e1 impulsando&#8230;<\/p>\n","protected":false},"author":2,"featured_media":1234909,"comment_status":"closed","ping_status":"closed","sticky":false,"template":"","format":"standard","meta":{"footnotes":""},"categories":[1969,2081],"tags":[12457,16169,16362],"class_list":["post-1234908","post","type-post","status-publish","format-standard","has-post-thumbnail","hentry","category-trending","category-seg","tag-marcial-rodriguez-saldana","tag-secretaria-de-educacion-guerrero-seg","tag-seg"],"_links":{"self":[{"href":"https:\/\/www.acapulcopress.com\/index.php\/wp-json\/wp\/v2\/posts\/1234908","targetHints":{"allow":["GET"]}}],"collection":[{"href":"https:\/\/www.acapulcopress.com\/index.php\/wp-json\/wp\/v2\/posts"}],"about":[{"href":"https:\/\/www.acapulcopress.com\/index.php\/wp-json\/wp\/v2\/types\/post"}],"author":[{"embeddable":true,"href":"https:\/\/www.acapulcopress.com\/index.php\/wp-json\/wp\/v2\/users\/2"}],"replies":[{"embeddable":true,"href":"https:\/\/www.acapulcopress.com\/index.php\/wp-json\/wp\/v2\/comments?post=1234908"}],"version-history":[{"count":0,"href":"https:\/\/www.acapulcopress.com\/index.php\/wp-json\/wp\/v2\/posts\/1234908\/revisions"}],"wp:featuredmedia":[{"embeddable":true,"href":"https:\/\/www.acapulcopress.com\/index.php\/wp-json\/"}],"wp:attachment":[{"href":"https:\/\/www.acapulcopress.com\/index.php\/wp-json\/wp\/v2\/media?parent=1234908"}],"wp:term":[{"taxonomy":"category","embeddable":true,"href":"https:\/\/www.acapulcopress.com\/index.php\/wp-json\/wp\/v2\/categories?post=1234908"},{"taxonomy":"post_tag","embeddable":true,"href":"https:\/\/www.acapulcopress.com\/index.php\/wp-json\/wp\/v2\/tags?post=1234908"}],"curies":[{"name":"wp","href":"https:\/\/api.w.org\/{rel}","templated":true}]}}