{"id":1234916,"date":"2021-11-23T18:48:28","date_gmt":"2021-11-24T00:48:28","guid":{"rendered":"https:\/\/www.acapulco.press\/?p=1234916"},"modified":"2021-11-23T18:48:28","modified_gmt":"2021-11-24T00:48:28","slug":"se-reunen-titular-de-seg-y-diputada-rosario-reyes-para-sumar-esfuerzos-por-la-educacion","status":"publish","type":"post","link":"https:\/\/www.acapulcopress.com\/index.php\/2021\/11\/23\/se-reunen-titular-de-seg-y-diputada-rosario-reyes-para-sumar-esfuerzos-por-la-educacion\/","title":{"rendered":"Se re\u00fanen titular de SEG y diputada Rosario Reyes para sumar esfuerzos por la educaci\u00f3n"},"content":{"rendered":"<p>] CHILPANCINGO. * 23 de noviembre de 2021.<br \/>\n<em>) SEG.<\/em><\/p>\n<p>El secretario de Educaci\u00f3n en el Estado, Marcial Rodr\u00edguez Salda\u00f1a, sostuvo una reuni\u00f3n con la diputada federal Mar\u00eda del Rosario Reyes Silva con el objetivo de sumar esfuerzos a favor de la educaci\u00f3n en la entidad.<\/p>\n<p>Rodr\u00edguez Salda\u00f1a se\u00f1al\u00f3 que las indicaciones de la Gobernadora Evelyn Salgado Pineda son de establecer trabajo coordinado con diferentes representantes populares para avanzar en la transformaci\u00f3n de Guerrero.<\/p>\n<p><img loading=\"lazy\" decoding=\"async\" class=\"alignnone wp-image-1234911 size-large\" src=\"https:\/\/www.acapulco.press\/wp-content\/uploads\/2021\/11\/Seg-Rosario-Reyes-840x591.jpeg\" alt=\"\" width=\"840\" height=\"591\" \/><\/p>\n","protected":false},"excerpt":{"rendered":"<p>] CHILPANCINGO. * 23 de noviembre de 2021. ) SEG. El secretario de Educaci\u00f3n en el Estado, Marcial Rodr\u00edguez Salda\u00f1a, sostuvo una reuni\u00f3n con la diputada federal Mar\u00eda del Rosario Reyes Silva con el objetivo de sumar esfuerzos a favor de la educaci\u00f3n en la entidad. Rodr\u00edguez Salda\u00f1a se\u00f1al\u00f3 que las indicaciones de la Gobernadora&#8230;<\/p>\n","protected":false},"author":2,"featured_media":1234911,"comment_status":"closed","ping_status":"closed","sticky":false,"template":"","format":"standard","meta":{"footnotes":""},"categories":[1969,2081],"tags":[8251,12457,16169,16362],"class_list":["post-1234916","post","type-post","status-publish","format-standard","has-post-thumbnail","hentry","category-trending","category-seg","tag-evelyn-salgado-pineda","tag-marcial-rodriguez-saldana","tag-secretaria-de-educacion-guerrero-seg","tag-seg"],"_links":{"self":[{"href":"https:\/\/www.acapulcopress.com\/index.php\/wp-json\/wp\/v2\/posts\/1234916","targetHints":{"allow":["GET"]}}],"collection":[{"href":"https:\/\/www.acapulcopress.com\/index.php\/wp-json\/wp\/v2\/posts"}],"about":[{"href":"https:\/\/www.acapulcopress.com\/index.php\/wp-json\/wp\/v2\/types\/post"}],"author":[{"embeddable":true,"href":"https:\/\/www.acapulcopress.com\/index.php\/wp-json\/wp\/v2\/users\/2"}],"replies":[{"embeddable":true,"href":"https:\/\/www.acapulcopress.com\/index.php\/wp-json\/wp\/v2\/comments?post=1234916"}],"version-history":[{"count":0,"href":"https:\/\/www.acapulcopress.com\/index.php\/wp-json\/wp\/v2\/posts\/1234916\/revisions"}],"wp:featuredmedia":[{"embeddable":true,"href":"https:\/\/www.acapulcopress.com\/index.php\/wp-json\/"}],"wp:attachment":[{"href":"https:\/\/www.acapulcopress.com\/index.php\/wp-json\/wp\/v2\/media?parent=1234916"}],"wp:term":[{"taxonomy":"category","embeddable":true,"href":"https:\/\/www.acapulcopress.com\/index.php\/wp-json\/wp\/v2\/categories?post=1234916"},{"taxonomy":"post_tag","embeddable":true,"href":"https:\/\/www.acapulcopress.com\/index.php\/wp-json\/wp\/v2\/tags?post=1234916"}],"curies":[{"name":"wp","href":"https:\/\/api.w.org\/{rel}","templated":true}]}}