{"id":1234921,"date":"2021-11-23T20:41:14","date_gmt":"2021-11-24T02:41:14","guid":{"rendered":"https:\/\/www.acapulco.press\/?p=1234921"},"modified":"2021-11-23T20:41:14","modified_gmt":"2021-11-24T02:41:14","slug":"fge-procesa-a-homicida-de-alfredo-cardoso","status":"publish","type":"post","link":"https:\/\/www.acapulcopress.com\/index.php\/2021\/11\/23\/fge-procesa-a-homicida-de-alfredo-cardoso\/","title":{"rendered":"FGE procesa a asesino de Cardoso"},"content":{"rendered":"<p>] CHILPANCINGO. * 23 de noviembre de 2021.<br \/>\n<em>) FGE.<\/em><\/p>\n<p style=\"text-align: justify;\"><img loading=\"lazy\" decoding=\"async\" class=\"alignleft size-medium wp-image-1234923\" src=\"https:\/\/www.acapulco.press\/wp-content\/uploads\/2021\/11\/FGE-ROBERTO-375x363.jpeg\" alt=\"\" width=\"375\" height=\"363\" \/>La Fiscal\u00eda General del Estado obtuvo vinculaci\u00f3n a proceso en Acapulco en contra de Roberto \u00abN\u00bb, como probable responsable en la comisi\u00f3n del delito de homicidio calificado en agravio del periodista Alfredo \u00abN\u00bb.<\/p>\n<p style=\"text-align: justify;\">En la carpeta judicial C-717\/2021 quedaron integrados los hechos suscitados el d\u00eda 29 de octubre de 2021, en agravio de Alfredo \u00abN\u00bb al ser encontrado con heridas por arma de fuego en calle Pez Liza, de la colonia Loma Bonita, de la ciudad de Acapulco, quien posteriormente perdiera la vida internado en un hospital del puerto.<\/p>\n<p style=\"text-align: justify;\">Por lo que este 23 de noviembre el Ministerio P\u00fablico aport\u00f3 los datos de prueba ante el Juez de Control del Distrito de Tabares, dictando vinculaci\u00f3n a proceso en contra de Roberto \u00abN\u00bb por el delito en menci\u00f3n, quedando interno en el Centro de Reinserci\u00f3n Social.<\/p>\n<p>&nbsp;<\/p>\n","protected":false},"excerpt":{"rendered":"<p>] CHILPANCINGO. * 23 de noviembre de 2021. ) FGE. La Fiscal\u00eda General del Estado obtuvo vinculaci\u00f3n a proceso en Acapulco en contra de Roberto \u00abN\u00bb, como probable responsable en la comisi\u00f3n del delito de homicidio calificado en agravio del periodista Alfredo \u00abN\u00bb. En la carpeta judicial C-717\/2021 quedaron integrados los hechos suscitados el d\u00eda&#8230;<\/p>\n","protected":false},"author":2,"featured_media":1234922,"comment_status":"closed","ping_status":"closed","sticky":false,"template":"","format":"standard","meta":{"footnotes":""},"categories":[1972,1997],"tags":[8703,10946,14737],"class_list":["post-1234921","post","type-post","status-publish","format-standard","has-post-thumbnail","hentry","category-special","category-noticias-destacadas","tag-fiscalia-general-del-estado-de-guerrero-fge","tag-jorge-zuriel-de-los-santos-barrila","tag-policia-ministerial-de-guerrero"],"_links":{"self":[{"href":"https:\/\/www.acapulcopress.com\/index.php\/wp-json\/wp\/v2\/posts\/1234921","targetHints":{"allow":["GET"]}}],"collection":[{"href":"https:\/\/www.acapulcopress.com\/index.php\/wp-json\/wp\/v2\/posts"}],"about":[{"href":"https:\/\/www.acapulcopress.com\/index.php\/wp-json\/wp\/v2\/types\/post"}],"author":[{"embeddable":true,"href":"https:\/\/www.acapulcopress.com\/index.php\/wp-json\/wp\/v2\/users\/2"}],"replies":[{"embeddable":true,"href":"https:\/\/www.acapulcopress.com\/index.php\/wp-json\/wp\/v2\/comments?post=1234921"}],"version-history":[{"count":0,"href":"https:\/\/www.acapulcopress.com\/index.php\/wp-json\/wp\/v2\/posts\/1234921\/revisions"}],"wp:featuredmedia":[{"embeddable":true,"href":"https:\/\/www.acapulcopress.com\/index.php\/wp-json\/"}],"wp:attachment":[{"href":"https:\/\/www.acapulcopress.com\/index.php\/wp-json\/wp\/v2\/media?parent=1234921"}],"wp:term":[{"taxonomy":"category","embeddable":true,"href":"https:\/\/www.acapulcopress.com\/index.php\/wp-json\/wp\/v2\/categories?post=1234921"},{"taxonomy":"post_tag","embeddable":true,"href":"https:\/\/www.acapulcopress.com\/index.php\/wp-json\/wp\/v2\/tags?post=1234921"}],"curies":[{"name":"wp","href":"https:\/\/api.w.org\/{rel}","templated":true}]}}