{"id":1234930,"date":"2021-11-23T22:01:03","date_gmt":"2021-11-24T04:01:03","guid":{"rendered":"https:\/\/www.acapulco.press\/?p=1234930"},"modified":"2021-11-23T22:01:03","modified_gmt":"2021-11-24T04:01:03","slug":"conmemora-octava-region-naval-el-dia-de-la-armada-de-mexico","status":"publish","type":"post","link":"https:\/\/www.acapulcopress.com\/index.php\/2021\/11\/23\/conmemora-octava-region-naval-el-dia-de-la-armada-de-mexico\/","title":{"rendered":"Conmemora Octava Regi\u00f3n Naval el D\u00eda de la Armada de M\u00e9xico"},"content":{"rendered":"<p style=\"text-align: justify;\">\u00bb <strong>Fulgencio Ram\u00edrez Lozano<\/strong>.<br \/>\n] ACAPULCO. * 23 de noviembre de 2021.<br \/>\n<em>) Semar\u00a0 Acapulco Press.<\/em><\/p>\n<p style=\"text-align: justify;\">La Secretar\u00eda de Marina, a trav\u00e9s de la Octava Regi\u00f3n Naval, realiz\u00f3 un evento conmemorativo por el \u201cD\u00eda de la Armada de M\u00e9xico\u201d, en el marco del bicentenario de su creaci\u00f3n.<\/p>\n<p style=\"text-align: justify;\">Encabez\u00f3 la ceremonia el Secretario General del Gobierno del Estado, Sa\u00fal L\u00f3pez Sollano y el Almirante Cuerpo General Diplomado de Estado Mayor, Julio C\u00e9sar Pescina \u00c1vila, Comandante de la Octava Regi\u00f3n Naval, as\u00ed como autoridades navales, civiles y militares, quienes engalanaron la ceremonia que tuvo lugar en la explanada del recinto naval.<\/p>\n<p style=\"text-align: justify;\">El Comandante de la Octava Regi\u00f3n Naval di\u00f3 lectura al mensaje del Almirante Jos\u00e9 Rafael Ojeda Dur\u00e1n, Secretario de Marina y Alto Mando de la Armada de M\u00e9xico, en el que destac\u00f3 el recuerdo y la proeza hist\u00f3rica de los marinos navales que hicieron realidad la Armada de las y los mexicanos.<\/p>\n<p style=\"text-align: justify;\">\u201cGlorioso episodio de la vida nacional que tuvo el honor de llevar a cabo la Armada de M\u00e9xico, como la primera prueba de su amor y entrega incondicional a la Patria\u201d, asever\u00f3 el mando de la Octava Regi\u00f3n Naval.<\/p>\n<p style=\"text-align: justify;\">Cabe resaltar que en esta significativa fecha, la Secretar\u00eda de Marina-Armada de M\u00e9xico recuerda con orgullo que la Independencia de M\u00e9xico se consolid\u00f3 en el mar, el 23 de noviembre de 1825, cuando despu\u00e9s de arriar su bandera, los espa\u00f1oles abandonaron la Fortaleza de San Juan de Ul\u00faa, en el puerto de Veracruzy una vez que las fuerzas mexicanas tomaron posesi\u00f3n de ella, se iz\u00f3 el l\u00e1baro patrio acompa\u00f1ado de una salva de honor.<\/p>\n<p style=\"text-align: justify;\">Esta haza\u00f1a es digna de celebrarse gracias a la valent\u00eda del pueblo mexicano y de personajes como el Capit\u00e1n de Fragata Pedro Sainz de Baranda y Borreyro y de sus marinos, quienes mostrando un compromiso inquebrantable con la naci\u00f3ny la defendieron hasta lograr la victoria.<\/p>\n<p style=\"text-align: justify;\">Hoy, 23 de noviembre, \u201cD\u00eda de la Armada de M\u00e9xico\u201d, el personal naval honra la memoria de quienes contribuyeron a que el Pabell\u00f3n Nacional ondeara en lo alto, anunciando desde el mar la Independencia Nacional y exaltando los valores que llevaron hacia la victoria.<\/p>\n<div style=\"width: 640px;\" class=\"wp-video\"><video class=\"wp-video-shortcode\" id=\"video-1234930-1\" width=\"640\" height=\"352\" preload=\"metadata\" controls=\"controls\"><source type=\"video\/mp4\" src=\"https:\/\/www.acapulco.press\/wp-content\/uploads\/2021\/11\/Semar.mp4?_=1\" \/><a href=\"https:\/\/www.acapulco.press\/wp-content\/uploads\/2021\/11\/Semar.mp4\">https:\/\/www.acapulco.press\/wp-content\/uploads\/2021\/11\/Semar.mp4<\/a><\/video><\/div>\n<p><strong>D\u00cdA DE LA ARMADA DE M\u00c9XICO<\/strong><\/p>\n\n<p><strong>DESFILE EN HONOR AL D\u00cdA DE LA ARMADA DE M\u00c9XICO\u00a0<\/strong><\/p>\n\n<p><strong>CONDECORACIONES<br \/>\n<\/strong><\/p>\n\n<p><strong>\u00a0<\/strong><\/p>\n<p>&nbsp;<\/p>\n","protected":false},"excerpt":{"rendered":"<p>\u00bb Fulgencio Ram\u00edrez Lozano. ] ACAPULCO. * 23 de noviembre de 2021. ) Semar\u00a0 Acapulco Press. La Secretar\u00eda de Marina, a trav\u00e9s de la Octava Regi\u00f3n Naval, realiz\u00f3 un evento conmemorativo por el \u201cD\u00eda de la Armada de M\u00e9xico\u201d, en el marco del bicentenario de su creaci\u00f3n. Encabez\u00f3 la ceremonia el Secretario General del Gobierno&#8230;<\/p>\n","protected":false},"author":2,"featured_media":1234931,"comment_status":"closed","ping_status":"closed","sticky":false,"template":"","format":"standard","meta":{"footnotes":""},"categories":[1969,1972,2005],"tags":[16222],"class_list":["post-1234930","post","type-post","status-publish","format-standard","has-post-thumbnail","hentry","category-trending","category-special","category-seguridad-y-justicia","tag-secretaria-de-marina-semar"],"_links":{"self":[{"href":"https:\/\/www.acapulcopress.com\/index.php\/wp-json\/wp\/v2\/posts\/1234930","targetHints":{"allow":["GET"]}}],"collection":[{"href":"https:\/\/www.acapulcopress.com\/index.php\/wp-json\/wp\/v2\/posts"}],"about":[{"href":"https:\/\/www.acapulcopress.com\/index.php\/wp-json\/wp\/v2\/types\/post"}],"author":[{"embeddable":true,"href":"https:\/\/www.acapulcopress.com\/index.php\/wp-json\/wp\/v2\/users\/2"}],"replies":[{"embeddable":true,"href":"https:\/\/www.acapulcopress.com\/index.php\/wp-json\/wp\/v2\/comments?post=1234930"}],"version-history":[{"count":0,"href":"https:\/\/www.acapulcopress.com\/index.php\/wp-json\/wp\/v2\/posts\/1234930\/revisions"}],"wp:featuredmedia":[{"embeddable":true,"href":"https:\/\/www.acapulcopress.com\/index.php\/wp-json\/"}],"wp:attachment":[{"href":"https:\/\/www.acapulcopress.com\/index.php\/wp-json\/wp\/v2\/media?parent=1234930"}],"wp:term":[{"taxonomy":"category","embeddable":true,"href":"https:\/\/www.acapulcopress.com\/index.php\/wp-json\/wp\/v2\/categories?post=1234930"},{"taxonomy":"post_tag","embeddable":true,"href":"https:\/\/www.acapulcopress.com\/index.php\/wp-json\/wp\/v2\/tags?post=1234930"}],"curies":[{"name":"wp","href":"https:\/\/api.w.org\/{rel}","templated":true}]}}