{"id":1234978,"date":"2021-11-24T17:43:04","date_gmt":"2021-11-24T23:43:04","guid":{"rendered":"https:\/\/www.acapulco.press\/?p=1234978"},"modified":"2021-11-24T17:43:04","modified_gmt":"2021-11-24T23:43:04","slug":"insabi-y-medicos-eventuales-de-oaxaca-entablan-dialogo","status":"publish","type":"post","link":"https:\/\/www.acapulcopress.com\/index.php\/2021\/11\/24\/insabi-y-medicos-eventuales-de-oaxaca-entablan-dialogo\/","title":{"rendered":"Insabi y m\u00e9dicos eventuales de Oaxaca entablan di\u00e1logo"},"content":{"rendered":"<p style=\"text-align: justify;\">] OAXACA. * 24 de noviembre de 2021.<br \/>\n<em>) Insabi.<\/em><\/p>\n<p style=\"text-align: justify;\"><img loading=\"lazy\" decoding=\"async\" class=\"alignleft size-medium wp-image-1234984\" src=\"https:\/\/www.acapulco.press\/wp-content\/uploads\/2021\/11\/INSABI9-375x250.jpeg\" alt=\"\" width=\"375\" height=\"250\" \/>Este mi\u00e9rcoles se llev\u00f3 a cabo una reuni\u00f3n entre servidores p\u00fablicos del Instituto de Salud para el Bienestar (Insabi) y representantes del Movimiento \u00danico de Trabajadores Eventuales de los Servicios de Salud de Oaxaca (Mutesso) para dialogar sobre las demandas de reinstalaci\u00f3n del personal m\u00e9dico perteneciente a esta organizaci\u00f3n.<\/p>\n<p style=\"text-align: justify;\">El encuentro se llev\u00f3 a cabo en la Secretar\u00eda de Gobernaci\u00f3n (Segob), donde fueron recibidos por el coordinador de Recursos Humanos y Regularizaci\u00f3n de Personal, Candelario P\u00e9rez Alvarado; y la directora de Comunicaci\u00f3n Social del Insabi, Bertha Alicia Galindo Pel\u00e1ez.<\/p>\n<p style=\"text-align: justify;\">Para dar seguimiento a los puntos de acuerdo, asistieron por parte de Segob la coordinadora general en la Unidad de Atenci\u00f3n de las Organizaciones Sociales, Ariana Torres Torres, y los subdirectores Diego Javier Franco y Jos\u00e9 Luis Mateos Sedas.<\/p>\n<p style=\"text-align: justify;\"><img loading=\"lazy\" decoding=\"async\" class=\"alignleft size-medium wp-image-1234983\" src=\"https:\/\/www.acapulco.press\/wp-content\/uploads\/2021\/11\/INSABI7-375x250.jpeg\" alt=\"\" width=\"375\" height=\"250\" \/>Con total libertad y en un ambiente cordial, se escucharon las demandas de los representantes del Movimiento \u00danico de Trabajadores Eventuales de los Servicios de Salud de Oaxaca.<\/p>\n<p style=\"text-align: justify;\">Explicaron que dos mil 600 trabajadores eventuales contratados por la Secretar\u00eda de Salud de Oaxaca fueron despedidos el pasado 15 de septiembre y de ellos, mil 136 pertenecen al Mutesso y piden su reinstalaci\u00f3n.<\/p>\n<p style=\"text-align: justify;\">Agregaron que desde que fueron despedidos se han acercado a las autoridades estatales, pero no han tenido una respuesta satisfactoria a sus demandas.<\/p>\n<p style=\"text-align: justify;\">Recordaron que durante la gira del presidente Andr\u00e9s Manuel L\u00f3pez Obrador por Oaxaca en septiembre pasado, le informaron sobre su situaci\u00f3n y que \u00e9l dio instrucciones para que fueran atendidos y se revisara su situaci\u00f3n, sin que a la fecha tengan soluci\u00f3n a su demanda de reinstalaci\u00f3n.<\/p>\n<p style=\"text-align: justify;\"><img loading=\"lazy\" decoding=\"async\" class=\"alignleft size-medium wp-image-1234980\" src=\"https:\/\/www.acapulco.press\/wp-content\/uploads\/2021\/11\/INSABI2-375x250.jpeg\" alt=\"\" width=\"375\" height=\"250\" \/>Candelario P\u00e9rez Alvarado explic\u00f3 detalladamente a los integrantes del Mutesso el esquema en el que se entregan los recursos financieros a las entidades federativas y que, en el caso de sus contratos, su n\u00f3mina depende exclusivamente del estado.<\/p>\n<p style=\"text-align: justify;\">Aclar\u00f3 que esto no significa que su caso no vaya a ser atendido, sino que se requiere el an\u00e1lisis de la situaci\u00f3n laboral y presupuestal para dar una soluci\u00f3n definitiva para su contrataci\u00f3n, porque se busca terminar con los contratos precarios y sin prestaciones sociales bajo los cuales han estado laborando miles de trabajadores de la salud en todo el pa\u00eds.<\/p>\n<p style=\"text-align: justify;\">P\u00e9rez Alvarado agreg\u00f3 que en 2022 iniciar\u00e1 el proceso de regularizaci\u00f3n laboral del personal de salud en todo el pa\u00eds, el cual ser\u00e1 directo entre el Insabi y las y los profesionales de la salud. Explic\u00f3 que el programa M\u00e9dicos y Personal de Salud del Bienestar tiene convocatorias programadas en las cuales pueden participar los integrantes del Mutesso.<\/p>\n<p style=\"text-align: justify;\">Luego de intercambiar opiniones y detalles sobre esta opci\u00f3n que tiene el Insabi para el personal de salud de Oaxaca, autoridades del Insabi acordaron con los representantes del Mutesso que sus integrantes se registrar\u00e1n en la plataforma M\u00e9dicos y Personal de Salud del Bienestar para que se postulen en una de las convocatorias del Insabi y puedan concursar por una plaza del programa de regularizaci\u00f3n. Todo con apego a las reglas de operaci\u00f3n de este programa.<\/p>\n<p style=\"text-align: justify;\">Las autoridades del Insabi acordaron mantener comunicaci\u00f3n para informar a la organizaci\u00f3n sobre la situaci\u00f3n laboral del personal eventual en Oaxaca y reiteraron a los integrantes del Mutesso la disposici\u00f3n del Instituto de Salud para el Bienestar para hacer realidad la justicia laboral para las y los trabajadores de la salud del pa\u00eds.<\/p>\n<p style=\"text-align: justify;\">Con la realizaci\u00f3n de esta mesa se cumple la instrucci\u00f3n de propiciar el di\u00e1logo y la construcci\u00f3n de acuerdos con los distintos sectores de la poblaci\u00f3n.<\/p>\n<p style=\"text-align: justify;\">\n","protected":false},"excerpt":{"rendered":"<p>] OAXACA. * 24 de noviembre de 2021. ) Insabi. Este mi\u00e9rcoles se llev\u00f3 a cabo una reuni\u00f3n entre servidores p\u00fablicos del Instituto de Salud para el Bienestar (Insabi) y representantes del Movimiento \u00danico de Trabajadores Eventuales de los Servicios de Salud de Oaxaca (Mutesso) para dialogar sobre las demandas de reinstalaci\u00f3n del personal m\u00e9dico&#8230;<\/p>\n","protected":false},"author":2,"featured_media":1234980,"comment_status":"closed","ping_status":"closed","sticky":false,"template":"","format":"standard","meta":{"footnotes":""},"categories":[1972,18591,18561],"tags":[4717,10220,13357,16197],"class_list":["post-1234978","post","type-post","status-publish","format-standard","has-post-thumbnail","hentry","category-special","category-gobierno-de-mexico-sociedy-politics","category-society-politics","tag-bertha-alicia-galindo-pelaez","tag-instituto-de-salud-para-el-bienestar-insabi","tag-movimiento-unico-de-trabajadores-eventuales-de-los-servicios-de-salud-de-oaxaca-mutesso","tag-secretaria-de-gobernacion-segob"],"_links":{"self":[{"href":"https:\/\/www.acapulcopress.com\/index.php\/wp-json\/wp\/v2\/posts\/1234978","targetHints":{"allow":["GET"]}}],"collection":[{"href":"https:\/\/www.acapulcopress.com\/index.php\/wp-json\/wp\/v2\/posts"}],"about":[{"href":"https:\/\/www.acapulcopress.com\/index.php\/wp-json\/wp\/v2\/types\/post"}],"author":[{"embeddable":true,"href":"https:\/\/www.acapulcopress.com\/index.php\/wp-json\/wp\/v2\/users\/2"}],"replies":[{"embeddable":true,"href":"https:\/\/www.acapulcopress.com\/index.php\/wp-json\/wp\/v2\/comments?post=1234978"}],"version-history":[{"count":0,"href":"https:\/\/www.acapulcopress.com\/index.php\/wp-json\/wp\/v2\/posts\/1234978\/revisions"}],"wp:featuredmedia":[{"embeddable":true,"href":"https:\/\/www.acapulcopress.com\/index.php\/wp-json\/"}],"wp:attachment":[{"href":"https:\/\/www.acapulcopress.com\/index.php\/wp-json\/wp\/v2\/media?parent=1234978"}],"wp:term":[{"taxonomy":"category","embeddable":true,"href":"https:\/\/www.acapulcopress.com\/index.php\/wp-json\/wp\/v2\/categories?post=1234978"},{"taxonomy":"post_tag","embeddable":true,"href":"https:\/\/www.acapulcopress.com\/index.php\/wp-json\/wp\/v2\/tags?post=1234978"}],"curies":[{"name":"wp","href":"https:\/\/api.w.org\/{rel}","templated":true}]}}