{"id":1234989,"date":"2021-11-24T18:26:15","date_gmt":"2021-11-25T00:26:15","guid":{"rendered":"https:\/\/www.acapulco.press\/?p=1234989"},"modified":"2021-11-24T18:26:15","modified_gmt":"2021-11-25T00:26:15","slug":"fge-captura-flagrante-a-asaltante-de-una-tienda-de-conveniencia","status":"publish","type":"post","link":"https:\/\/www.acapulcopress.com\/index.php\/2021\/11\/24\/fge-captura-flagrante-a-asaltante-de-una-tienda-de-conveniencia\/","title":{"rendered":"FGE captura flagrante a asaltante de una tienda de conveniencia"},"content":{"rendered":"<p>] CHILPANCINGO. * 24 de noviembre de 2021.<br \/>\n<em>) FGE.<\/em><\/p>\n<p style=\"text-align: justify;\">Fiscal\u00eda de Guerrero a trav\u00e9s de la Polic\u00eda Investigadora Ministerial de Acapulco, realizaba recorridos en distintos puntos de la ciudad, asegurando en Fraccionamiento Magallanes a quien dijo llamarse Juan \u00abN\u00bb como probable responsable en el flagrante delito de robo a tienda de conveniencia, en calle Crist\u00f3bal Col\u00f3n N\u00famero 20, quedando a disposici\u00f3n del Ministerio P\u00fablico correspondiente.<\/p>\n","protected":false},"excerpt":{"rendered":"<p>] CHILPANCINGO. * 24 de noviembre de 2021. ) FGE. Fiscal\u00eda de Guerrero a trav\u00e9s de la Polic\u00eda Investigadora Ministerial de Acapulco, realizaba recorridos en distintos puntos de la ciudad, asegurando en Fraccionamiento Magallanes a quien dijo llamarse Juan \u00abN\u00bb como probable responsable en el flagrante delito de robo a tienda de conveniencia, en calle&#8230;<\/p>\n","protected":false},"author":2,"featured_media":1234990,"comment_status":"closed","ping_status":"closed","sticky":false,"template":"","format":"standard","meta":{"footnotes":""},"categories":[1969,2005],"tags":[8703,10946,14737],"class_list":["post-1234989","post","type-post","status-publish","format-standard","has-post-thumbnail","hentry","category-trending","category-seguridad-y-justicia","tag-fiscalia-general-del-estado-de-guerrero-fge","tag-jorge-zuriel-de-los-santos-barrila","tag-policia-ministerial-de-guerrero"],"_links":{"self":[{"href":"https:\/\/www.acapulcopress.com\/index.php\/wp-json\/wp\/v2\/posts\/1234989","targetHints":{"allow":["GET"]}}],"collection":[{"href":"https:\/\/www.acapulcopress.com\/index.php\/wp-json\/wp\/v2\/posts"}],"about":[{"href":"https:\/\/www.acapulcopress.com\/index.php\/wp-json\/wp\/v2\/types\/post"}],"author":[{"embeddable":true,"href":"https:\/\/www.acapulcopress.com\/index.php\/wp-json\/wp\/v2\/users\/2"}],"replies":[{"embeddable":true,"href":"https:\/\/www.acapulcopress.com\/index.php\/wp-json\/wp\/v2\/comments?post=1234989"}],"version-history":[{"count":0,"href":"https:\/\/www.acapulcopress.com\/index.php\/wp-json\/wp\/v2\/posts\/1234989\/revisions"}],"wp:featuredmedia":[{"embeddable":true,"href":"https:\/\/www.acapulcopress.com\/index.php\/wp-json\/"}],"wp:attachment":[{"href":"https:\/\/www.acapulcopress.com\/index.php\/wp-json\/wp\/v2\/media?parent=1234989"}],"wp:term":[{"taxonomy":"category","embeddable":true,"href":"https:\/\/www.acapulcopress.com\/index.php\/wp-json\/wp\/v2\/categories?post=1234989"},{"taxonomy":"post_tag","embeddable":true,"href":"https:\/\/www.acapulcopress.com\/index.php\/wp-json\/wp\/v2\/tags?post=1234989"}],"curies":[{"name":"wp","href":"https:\/\/api.w.org\/{rel}","templated":true}]}}