{"id":1234997,"date":"2021-11-24T19:19:42","date_gmt":"2021-11-25T01:19:42","guid":{"rendered":"https:\/\/www.acapulco.press\/?p=1234997"},"modified":"2021-11-24T19:19:42","modified_gmt":"2021-11-25T01:19:42","slug":"seg-y-snte-suman-esfuerzos-por-la-educacion-en-guerrero","status":"publish","type":"post","link":"https:\/\/www.acapulcopress.com\/index.php\/2021\/11\/24\/seg-y-snte-suman-esfuerzos-por-la-educacion-en-guerrero\/","title":{"rendered":"SEG y SNTE suman esfuerzos por la educaci\u00f3n en Guerrero"},"content":{"rendered":"<p>] CHILPANCINGO. * 24 de noviembre de 2021.<br \/>\n<em>) SEG.<\/em><\/p>\n<p style=\"text-align: justify;\">El Secretario de Educaci\u00f3n en Guerrero, Marcial Rodr\u00edguez Salda\u00f1a, se reuni\u00f3 con el dirigente de la secci\u00f3n XIV del SNTE en la entidad, Javier San Mart\u00edn Jaramillo, para darle seguimiento al pliego petitorio de sus representados.<\/p>\n<p style=\"text-align: justify;\">Rodr\u00edguez Salda\u00f1a expres\u00f3 que las indicaciones de la gobernadora Evelyn Salgado Pineda son \u00abmantener una relaci\u00f3n de di\u00e1logo con los representantes del magisterio para transformar la educaci\u00f3n en el Estado\u00bb, por lo que ambos oganismos acordaron sumar esfuerzos para consolidar una educaci\u00f3n de calidad en el Estado.<\/p>\n","protected":false},"excerpt":{"rendered":"<p>] CHILPANCINGO. * 24 de noviembre de 2021. ) SEG. El Secretario de Educaci\u00f3n en Guerrero, Marcial Rodr\u00edguez Salda\u00f1a, se reuni\u00f3 con el dirigente de la secci\u00f3n XIV del SNTE en la entidad, Javier San Mart\u00edn Jaramillo, para darle seguimiento al pliego petitorio de sus representados. Rodr\u00edguez Salda\u00f1a expres\u00f3 que las indicaciones de la gobernadora&#8230;<\/p>\n","protected":false},"author":2,"featured_media":1234998,"comment_status":"closed","ping_status":"closed","sticky":false,"template":"","format":"standard","meta":{"footnotes":""},"categories":[1969,2081],"tags":[12457,16169,16362],"class_list":["post-1234997","post","type-post","status-publish","format-standard","has-post-thumbnail","hentry","category-trending","category-seg","tag-marcial-rodriguez-saldana","tag-secretaria-de-educacion-guerrero-seg","tag-seg"],"_links":{"self":[{"href":"https:\/\/www.acapulcopress.com\/index.php\/wp-json\/wp\/v2\/posts\/1234997","targetHints":{"allow":["GET"]}}],"collection":[{"href":"https:\/\/www.acapulcopress.com\/index.php\/wp-json\/wp\/v2\/posts"}],"about":[{"href":"https:\/\/www.acapulcopress.com\/index.php\/wp-json\/wp\/v2\/types\/post"}],"author":[{"embeddable":true,"href":"https:\/\/www.acapulcopress.com\/index.php\/wp-json\/wp\/v2\/users\/2"}],"replies":[{"embeddable":true,"href":"https:\/\/www.acapulcopress.com\/index.php\/wp-json\/wp\/v2\/comments?post=1234997"}],"version-history":[{"count":0,"href":"https:\/\/www.acapulcopress.com\/index.php\/wp-json\/wp\/v2\/posts\/1234997\/revisions"}],"wp:featuredmedia":[{"embeddable":true,"href":"https:\/\/www.acapulcopress.com\/index.php\/wp-json\/"}],"wp:attachment":[{"href":"https:\/\/www.acapulcopress.com\/index.php\/wp-json\/wp\/v2\/media?parent=1234997"}],"wp:term":[{"taxonomy":"category","embeddable":true,"href":"https:\/\/www.acapulcopress.com\/index.php\/wp-json\/wp\/v2\/categories?post=1234997"},{"taxonomy":"post_tag","embeddable":true,"href":"https:\/\/www.acapulcopress.com\/index.php\/wp-json\/wp\/v2\/tags?post=1234997"}],"curies":[{"name":"wp","href":"https:\/\/api.w.org\/{rel}","templated":true}]}}