{"id":1235003,"date":"2021-11-24T19:45:40","date_gmt":"2021-11-25T01:45:40","guid":{"rendered":"https:\/\/www.acapulco.press\/?p=1235003"},"modified":"2021-11-24T19:45:40","modified_gmt":"2021-11-25T01:45:40","slug":"dra-maria-estrada-ortega-firme-aspirante-a-la-fiscalia-de-guerrero","status":"publish","type":"post","link":"https:\/\/www.acapulcopress.com\/index.php\/2021\/11\/24\/dra-maria-estrada-ortega-firme-aspirante-a-la-fiscalia-de-guerrero\/","title":{"rendered":"Dra. Mar\u00eda Estrada Ortega, firme aspirante a la Fiscal\u00eda de Guerrero"},"content":{"rendered":"<p style=\"text-align: justify;\"><em>Tercera V\u00eda<\/em><br \/>\n] <strong>Ernesto Rivera Rodr\u00edguez<\/strong>.<\/p>\n<p style=\"text-align: justify;\">\u00abNo habr\u00e1 justicia y Paz en Guerrero, si est\u00e1 no es llevada a los hogares, escuelas y a cada rinc\u00f3n donde se encuentren nuestros hermanos, ind\u00edgenas y afroguerrerenses.\u00bb<\/p>\n<p style=\"text-align: justify;\">Expres\u00f3 la mujer que alguna vez contendio para ser procuradora del Estado, hoy Fiscal\u00eda, jurista de origen campesino, de padre campesino y madre bur\u00f3crata del sector salud, M\u00e1. del Roc\u00edo Estrada Ortega, con inigualable curr\u00edculum y su amplia experiencia es una firme aspirante a dirigir la Fiscal\u00eda General de Guerrero, en el nuevo gobierno de la primera mujer gobernadora, Evelyn Salgado Pineda, que en esta 4a Transformaci\u00f3n a manifestado que su gobierno es y ser\u00e1 de hombres y mujeres, y \u00abme ha llamado la atenci\u00f3n que una mujer que alguna vez pretendi\u00f3 serlo\u00bb, expres\u00f3 en una entrevista.<\/p>\n<p style=\"text-align: justify;\">La doctora Estrada Ortega, cuenta con una amplia experiencia en la administraci\u00f3n p\u00fablica, particularmente en el \u00e1rea jur\u00eddica donde a aplicado los m\u00e1s modernos m\u00e9todos y t\u00e9cnicas en el sistema procesal oral acusatorio en juicios orales y administraci\u00f3n p\u00fablica. En su paso por Guerrero, fue comisionada de la PGR para investigar el primer hecho violento de narcotr\u00e1fico sucedido en un paraje de Iguala de la Independencia, llamado \u00abLas Antenas\u00bb.<\/p>\n<p style=\"text-align: justify;\">Pesquisas que llevaron a la c\u00e1rcel a varios delincuentes entre ellos el aguerrido Pedro Pablo Uriostegui, quien estuvo recluido en el penal del Altiplano y m\u00e1s tarde en el Reclusorio Norte del extinto DF hoy CDMX. Originaria de Tetipac, en la zona norte del Estado, hoy cumple funciones como Sindica de ese H. Ayuntamiento, designada por el gobierno del Estado, del 7 de Octubre del 2020 al 28 de Septiembre pasado.<\/p>\n<p style=\"text-align: justify;\">En su paso por la Procuradur\u00eda del Estado, como Directora de Averiguaci\u00f3n Previas, logro el mejoramiento de los sueldos de los trabajadores. Llevo a cabo la remodelaci\u00f3n de varias Agencias del Ministerio P\u00fablico, con el apoyo de autoridades municipales impulso la capacitaci\u00f3n de Polic\u00edas Judiciales y propuso en 1994 que la ahora Polic\u00eda Ministerial llevar\u00e1 el nombre de \u00abPolic\u00eda Investigadora\u00bb. Por ella, el Estado en el a\u00f1o 2000, le gan\u00f3 un juicio fiscal al IMSS, del 2% sobre N\u00f3minas. El monto del juicio a favor del erario de Guerrero fue superior a los 2 mil millones de pesos.<\/p>\n<p style=\"text-align: justify;\">Mujer aguerrida y solitaria, regres\u00f3 a las aulas en la UNAM obteniendo la Maestr\u00eda en Juicios Orales, y m\u00e1s tarde el Doctorado en Derecho, esto en el Instituto Internacional del Derecho y del Estado.<\/p>\n<p style=\"text-align: justify;\">La Fiscal\u00eda de Guerrero es un gran reto, a la cual busca acceder la doctora M\u00e1. del Roc\u00edo Estrada Ortega, la procuraci\u00f3n de la Justicia, como la confianza en la opini\u00f3n p\u00fablica y la profesionalizaci\u00f3n de sus cuadros son la punta del iceberg por la alta exigencia de esclarecer los miles y miles de casos que han ca\u00eddo en el sue\u00f1o de los justos, cuando es m\u00e1s que una injusticia que est\u00e9n sin resolver, en momentos en que se juega el cambio de estafeta, sino por la exigencia de una aplicaci\u00f3n de la Procuraci\u00f3n de Justicia en el nuevo modelo pol\u00edtico nacional y del mismo estado de Guerrero que deber\u00e1 ser aplicado irrestrictamente en nuestra entidad.<\/p>\n","protected":false},"excerpt":{"rendered":"<p>Tercera V\u00eda ] Ernesto Rivera Rodr\u00edguez. \u00abNo habr\u00e1 justicia y Paz en Guerrero, si est\u00e1 no es llevada a los hogares, escuelas y a cada rinc\u00f3n donde se encuentren nuestros hermanos, ind\u00edgenas y afroguerrerenses.\u00bb Expres\u00f3 la mujer que alguna vez contendio para ser procuradora del Estado, hoy Fiscal\u00eda, jurista de origen campesino, de padre campesino&#8230;<\/p>\n","protected":false},"author":2,"featured_media":1235004,"comment_status":"closed","ping_status":"closed","sticky":false,"template":"","format":"standard","meta":{"footnotes":""},"categories":[2071,1991],"tags":[8063,17071],"class_list":["post-1235003","post","type-post","status-publish","format-standard","has-post-thumbnail","hentry","category-opinion-analisis-columnas","category-libertad-de-expresion","tag-ernesto-rivera-rodriguez","tag-tercera-via"],"_links":{"self":[{"href":"https:\/\/www.acapulcopress.com\/index.php\/wp-json\/wp\/v2\/posts\/1235003","targetHints":{"allow":["GET"]}}],"collection":[{"href":"https:\/\/www.acapulcopress.com\/index.php\/wp-json\/wp\/v2\/posts"}],"about":[{"href":"https:\/\/www.acapulcopress.com\/index.php\/wp-json\/wp\/v2\/types\/post"}],"author":[{"embeddable":true,"href":"https:\/\/www.acapulcopress.com\/index.php\/wp-json\/wp\/v2\/users\/2"}],"replies":[{"embeddable":true,"href":"https:\/\/www.acapulcopress.com\/index.php\/wp-json\/wp\/v2\/comments?post=1235003"}],"version-history":[{"count":0,"href":"https:\/\/www.acapulcopress.com\/index.php\/wp-json\/wp\/v2\/posts\/1235003\/revisions"}],"wp:featuredmedia":[{"embeddable":true,"href":"https:\/\/www.acapulcopress.com\/index.php\/wp-json\/"}],"wp:attachment":[{"href":"https:\/\/www.acapulcopress.com\/index.php\/wp-json\/wp\/v2\/media?parent=1235003"}],"wp:term":[{"taxonomy":"category","embeddable":true,"href":"https:\/\/www.acapulcopress.com\/index.php\/wp-json\/wp\/v2\/categories?post=1235003"},{"taxonomy":"post_tag","embeddable":true,"href":"https:\/\/www.acapulcopress.com\/index.php\/wp-json\/wp\/v2\/tags?post=1235003"}],"curies":[{"name":"wp","href":"https:\/\/api.w.org\/{rel}","templated":true}]}}