{"id":1235011,"date":"2021-11-24T20:01:35","date_gmt":"2021-11-25T02:01:35","guid":{"rendered":"https:\/\/www.acapulco.press\/?p=1235011"},"modified":"2021-11-24T20:01:35","modified_gmt":"2021-11-25T02:01:35","slug":"prd-exhorta-a-salud-desistir-contra-juez-que-avalo-vacunar-a-menores-de-17-anos","status":"publish","type":"post","link":"https:\/\/www.acapulcopress.com\/index.php\/2021\/11\/24\/prd-exhorta-a-salud-desistir-contra-juez-que-avalo-vacunar-a-menores-de-17-anos\/","title":{"rendered":"PRD exhorta a Salud desistir contra juez que aval\u00f3 vacunar a menores de 17 a\u00f1os"},"content":{"rendered":"<p style=\"text-align: justify;\">] CHILPANCINGO. * 24 de noviembre de 2021.<br \/>\n<em>) LXIII Legislatura.<\/em><\/p>\n<p style=\"text-align: justify;\">A nombre del grupo parlamentario del PRD, la diputada Yanelly Hern\u00e1ndez Mart\u00ednez present\u00f3 en tribuna este mi\u00e9rcoles, un exhorto a la Secretar\u00eda de Salud federal para que se desista en el recurso que present\u00f3 contra la resoluci\u00f3n de un juez que le orden\u00f3 vacunar a menores de 12 a 17 a\u00f1os de edad sin comorbilidades.<\/p>\n<p style=\"text-align: justify;\"><img loading=\"lazy\" decoding=\"async\" class=\"alignleft size-full wp-image-1235013\" src=\"https:\/\/www.acapulco.press\/wp-content\/uploads\/2021\/11\/Yanelly-Hernandez-Martinez2.jpg\" alt=\"\" width=\"300\" height=\"200\" \/>El exhorto no obtuvo la mayor\u00eda necesaria para ser considerado como de urgente y obvia resoluci\u00f3n, por el voto en contra del Grupo Parlamentario de Morena, por lo que fue enviado a comisiones para su correspondiente dictamen.<\/p>\n<p style=\"text-align: justify;\">En la justificaci\u00f3n del punto de acuerdo, la legisladora record\u00f3 que el pasado 7 de octubre, el juzgado S\u00e9ptimo de Distrito en Naucalpan, Estado de M\u00e9xico, orden\u00f3 al gobierno federal modificar la Pol\u00edtica Nacional de Vacunaci\u00f3n anti COVID-19 y considerar a todos los menores, incluso a los que no tienen riesgos de enfermar de gravedad. Y que en Campeche, el 30 de octubre, el presidente Andr\u00e9s Manuel L\u00f3pez asegur\u00f3 que su gobierno est\u00e1 dispuesto atender la disposici\u00f3n del juez.<\/p>\n<p style=\"text-align: justify;\">\u201cSin embargo (prosigue), el titular de la Secretar\u00eda de Gobernaci\u00f3n, Ad\u00e1n Augusto L\u00f3pez declar\u00f3 que el fallo del Juzgado Federal S\u00e9ptimo de Distrito, en Naucalpan, Estado de M\u00e9xico, es un exceso y una estrategia de desprestigio en contra de la campa\u00f1a de vacunaci\u00f3n\u201d.<\/p>\n<p style=\"text-align: justify;\">Hern\u00e1ndez Mart\u00ednez advierte que la epidemia por Covid-19, alcanz\u00f3 a los menores, donde agosto se consolid\u00f3 como el mes en el que m\u00e1s ni\u00f1os, ni\u00f1as y adolescentes perdieron la vida (113) por Covid-19, de acuerdo con datos de la Secretar\u00eda de Salud federal (SSA).<\/p>\n<p style=\"text-align: justify;\">Tambi\u00e9n se\u00f1ala que al corte del 17 de octubre, 78 mil 823 ni\u00f1os y adolescentes se han contagiado de Covid-19, de los cuales 762 perdieron la vida, seg\u00fan datos del Sistema Nacional de Protecci\u00f3n de Ni\u00f1as, Ni\u00f1os y Adolescentes.<\/p>\n<p style=\"text-align: justify;\">La diputada advierte que no obstante que el gobierno de la Rep\u00fablica, a trav\u00e9s del subsecretario Hugo L\u00f3pez Gatell, anunci\u00f3 que aplicar\u00eda la vacunaci\u00f3n anticovid para \u201cni\u00f1os\u201d de 15 a 17 a\u00f1os sin comorbilidades, habiendo iniciado el pre registro el pasado 19 de noviembre, \u201ccon esta medida no se da cumplimiento al mandato del juez\u201d.<\/p>\n<p style=\"text-align: justify;\">La legisladora dijo que esto no es una concesi\u00f3n del gobierno vacunar a los menores, y s\u00ed su obligaci\u00f3n.<\/p>\n<p style=\"text-align: justify;\">\u201cNo vacunar a nuestros menores, constituye un acto de discriminaci\u00f3n y\/o violaci\u00f3n contra sus derechos. La vulnerabilidad o fragilidad de nuestros hijos los coloca en total desventaja frente a la indolencia del Estado mexicano\u201d, agreg\u00f3.<\/p>\n<p style=\"text-align: justify;\">Llam\u00f3 a no escatimar recursos para disminuir los contagios por Covid de los infantes. \u201cSi se vacunan nuestros adolescentes y j\u00f3venes, como ya se hace en otros pa\u00edses podremos pensar en un pleno restablecimiento del sector educativo, en condiciones de seguridad para nuestras ni\u00f1as, ni\u00f1os y adolescentes\u201d, dijo.<\/p>\n<p style=\"text-align: justify;\">Por ello, se exhorta al titular de la Secretar\u00eda de Salud federal, doctor Jorge Carlos Alcocer Varela, \u00b7a que desista del recurso de revisi\u00f3n contra la resoluci\u00f3n del Juez S\u00e9ptimo de Distrito, y proceda cuanto antes a vacunar el proceso de vacunaci\u00f3n de menores entre 12 y 17 a\u00f1os sin caracter\u00edsticas de comorbilidad\u201d.<\/p>\n<p style=\"text-align: justify;\">As\u00ed como a la gobernadora Evelyn Salgado Pineda, para que instruya a la secretaria de Salud, doctora Aid\u00e9 Ibarez Castro, \u201cdar seguimiento a la presente solicitud, a efecto de lograr la vacunaci\u00f3n de menores\u201d.<\/p>\n","protected":false},"excerpt":{"rendered":"<p>] CHILPANCINGO. * 24 de noviembre de 2021. ) LXIII Legislatura. A nombre del grupo parlamentario del PRD, la diputada Yanelly Hern\u00e1ndez Mart\u00ednez present\u00f3 en tribuna este mi\u00e9rcoles, un exhorto a la Secretar\u00eda de Salud federal para que se desista en el recurso que present\u00f3 contra la resoluci\u00f3n de un juez que le orden\u00f3 vacunar&#8230;<\/p>\n","protected":false},"author":2,"featured_media":1235012,"comment_status":"closed","ping_status":"closed","sticky":false,"template":"","format":"standard","meta":{"footnotes":""},"categories":[1972],"tags":[12250,18212],"class_list":["post-1235011","post","type-post","status-publish","format-standard","has-post-thumbnail","hentry","category-special","tag-lxiii-legislatura-al-congreso-de-guerrero","tag-yanelly-hernandez-martinez"],"_links":{"self":[{"href":"https:\/\/www.acapulcopress.com\/index.php\/wp-json\/wp\/v2\/posts\/1235011","targetHints":{"allow":["GET"]}}],"collection":[{"href":"https:\/\/www.acapulcopress.com\/index.php\/wp-json\/wp\/v2\/posts"}],"about":[{"href":"https:\/\/www.acapulcopress.com\/index.php\/wp-json\/wp\/v2\/types\/post"}],"author":[{"embeddable":true,"href":"https:\/\/www.acapulcopress.com\/index.php\/wp-json\/wp\/v2\/users\/2"}],"replies":[{"embeddable":true,"href":"https:\/\/www.acapulcopress.com\/index.php\/wp-json\/wp\/v2\/comments?post=1235011"}],"version-history":[{"count":0,"href":"https:\/\/www.acapulcopress.com\/index.php\/wp-json\/wp\/v2\/posts\/1235011\/revisions"}],"wp:featuredmedia":[{"embeddable":true,"href":"https:\/\/www.acapulcopress.com\/index.php\/wp-json\/"}],"wp:attachment":[{"href":"https:\/\/www.acapulcopress.com\/index.php\/wp-json\/wp\/v2\/media?parent=1235011"}],"wp:term":[{"taxonomy":"category","embeddable":true,"href":"https:\/\/www.acapulcopress.com\/index.php\/wp-json\/wp\/v2\/categories?post=1235011"},{"taxonomy":"post_tag","embeddable":true,"href":"https:\/\/www.acapulcopress.com\/index.php\/wp-json\/wp\/v2\/tags?post=1235011"}],"curies":[{"name":"wp","href":"https:\/\/api.w.org\/{rel}","templated":true}]}}