{"id":1235018,"date":"2021-11-19T20:04:14","date_gmt":"2021-11-20T02:04:14","guid":{"rendered":"https:\/\/www.acapulco.press\/?p=1235018"},"modified":"2021-11-19T20:04:14","modified_gmt":"2021-11-20T02:04:14","slug":"participa-alfredo-romero-en-el-panel-de-rectores-de-la-uaslp","status":"publish","type":"post","link":"https:\/\/www.acapulcopress.com\/index.php\/2021\/11\/19\/participa-alfredo-romero-en-el-panel-de-rectores-de-la-uaslp\/","title":{"rendered":"Participa Alfredo Romero en el panel de rectores de la UASLP"},"content":{"rendered":"<p style=\"text-align: justify;\">] SAN LUIS POTOS\u00cd. * 19 de noviembre de 2021.<br \/>\n) UAGro.<\/p>\n<p style=\"text-align: justify;\">El rector de la Universidad Aut\u00f3noma de Guerrero (UAGro), Dr. Jos\u00e9 Alfredo Romero Olea, particip\u00f3 en el panel de rectores y la DGESUI: \u201cNuevos retos y alianzas en las IES\u201d, en el marco del Congreso Nacional 2021 de la AMEREIAF A.C. \u201cNuevos retos y alianzas en las IES: Gesti\u00f3n financiera, rendici\u00f3n de cuentas y colaboraci\u00f3n acad\u00e9mica\u201d, teniendo como sede a la Universidad Aut\u00f3noma de San Luis Potos\u00ed (UASLP), donde comparti\u00f3 las estrategias institucionales que han generado las buenas pr\u00e1cticas, mismas que han permitido tener una gesti\u00f3n con sustentabilidad financiera, rendici\u00f3n de cuentas y transparencia.<\/p>\n<p>Se cont\u00f3 con la asistencia de la Dra. Carmen Enedina Rodr\u00edguez Armenta, Directora General de Educaci\u00f3n Superior Universitaria e Intercultural (DGESUI) de la Secretar\u00eda de Educaci\u00f3n P\u00fablica y de los rectores, Dr. Alejandro Javier Zerme\u00f1o Guerra, de la Universidad Aut\u00f3noma de San Luis Potos\u00ed, del Dr. Gerardo Javier Vilet Espinosa, de la Universidad Tecnol\u00f3gica de San Luis Potos\u00ed.<\/p>\n<p>Dicho panel fue moderado por la Mtra. Leticia Jim\u00e9nez Zamora, presidenta de la AMEREIAF A.C.<\/p>\n","protected":false},"excerpt":{"rendered":"<p>] SAN LUIS POTOS\u00cd. * 19 de noviembre de 2021. ) UAGro. El rector de la Universidad Aut\u00f3noma de Guerrero (UAGro), Dr. Jos\u00e9 Alfredo Romero Olea, particip\u00f3 en el panel de rectores y la DGESUI: \u201cNuevos retos y alianzas en las IES\u201d, en el marco del Congreso Nacional 2021 de la AMEREIAF A.C. \u201cNuevos retos&#8230;<\/p>\n","protected":false},"author":2,"featured_media":1235019,"comment_status":"closed","ping_status":"closed","sticky":false,"template":"","format":"standard","meta":{"footnotes":""},"categories":[2019],"tags":[10980,17610],"class_list":["post-1235018","post","type-post","status-publish","format-standard","has-post-thumbnail","hentry","category-popular-news","tag-jose-alfredo-romero-olea","tag-universidad-autonoma-de-guerrero-uagro"],"_links":{"self":[{"href":"https:\/\/www.acapulcopress.com\/index.php\/wp-json\/wp\/v2\/posts\/1235018","targetHints":{"allow":["GET"]}}],"collection":[{"href":"https:\/\/www.acapulcopress.com\/index.php\/wp-json\/wp\/v2\/posts"}],"about":[{"href":"https:\/\/www.acapulcopress.com\/index.php\/wp-json\/wp\/v2\/types\/post"}],"author":[{"embeddable":true,"href":"https:\/\/www.acapulcopress.com\/index.php\/wp-json\/wp\/v2\/users\/2"}],"replies":[{"embeddable":true,"href":"https:\/\/www.acapulcopress.com\/index.php\/wp-json\/wp\/v2\/comments?post=1235018"}],"version-history":[{"count":0,"href":"https:\/\/www.acapulcopress.com\/index.php\/wp-json\/wp\/v2\/posts\/1235018\/revisions"}],"wp:featuredmedia":[{"embeddable":true,"href":"https:\/\/www.acapulcopress.com\/index.php\/wp-json\/"}],"wp:attachment":[{"href":"https:\/\/www.acapulcopress.com\/index.php\/wp-json\/wp\/v2\/media?parent=1235018"}],"wp:term":[{"taxonomy":"category","embeddable":true,"href":"https:\/\/www.acapulcopress.com\/index.php\/wp-json\/wp\/v2\/categories?post=1235018"},{"taxonomy":"post_tag","embeddable":true,"href":"https:\/\/www.acapulcopress.com\/index.php\/wp-json\/wp\/v2\/tags?post=1235018"}],"curies":[{"name":"wp","href":"https:\/\/api.w.org\/{rel}","templated":true}]}}