{"id":1235024,"date":"2021-11-24T21:59:12","date_gmt":"2021-11-25T03:59:12","guid":{"rendered":"https:\/\/www.acapulco.press\/?p=1235024"},"modified":"2021-11-24T21:59:12","modified_gmt":"2021-11-25T03:59:12","slug":"propone-ricardo-astudillo-ley-de-fomento-y-proteccion-al-empleo-del-estado-de-guerrero","status":"publish","type":"post","link":"https:\/\/www.acapulcopress.com\/index.php\/2021\/11\/24\/propone-ricardo-astudillo-ley-de-fomento-y-proteccion-al-empleo-del-estado-de-guerrero\/","title":{"rendered":"Propone Ricardo Astudillo Ley de Fomento y Protecci\u00f3n al Empleo del Estado de Guerrero"},"content":{"rendered":"<p style=\"text-align: justify;\">] CHILPANCINGO. * 24 de noviembre de 2021.<br \/>\n<em>) LXIII Legislatura.<\/em><\/p>\n<p style=\"text-align: justify;\">El diputado Ricardo Astudillo Calvo present\u00f3 ante el pleno del Congreso del Estado una Iniciativa con proyecto de Decreto por el que se busca crear la Ley de Fomento Protecci\u00f3n al Empleo del Estado de Guerrero. Esto, debido a las afectaciones laborales ocasionadas por la pandemia por covid-19.<\/p>\n<p style=\"text-align: justify;\"><img loading=\"lazy\" decoding=\"async\" class=\"alignleft size-medium wp-image-1235026\" src=\"https:\/\/www.acapulco.press\/wp-content\/uploads\/2021\/11\/Ricardo-Astudillo2-375x210.jpg\" alt=\"\" width=\"375\" height=\"210\" \/>El legislador pri\u00edsta detall\u00f3 que \u201cun fen\u00f3meno inesperado puede llegar a producir que la tasa de desocupaci\u00f3n en la entidad se duplique en unos cuantos meses, lo que provoca que las y los trabajadores pasen de una protecci\u00f3n de sus derechos laborales, a una de total abandono y que no gocen de una prestaci\u00f3n por parte del Estado\u201d, por tal motivo precis\u00f3 que el proyecto en cuesti\u00f3n consta de tres ejes fundamentales:<\/p>\n<p style=\"text-align: justify;\">1.- <strong>La obligaci\u00f3n del Estado de ofrecer un sustento m\u00ednimo para las y los beneficiarios.<\/strong><br \/>\n2.- <strong>Un modelo asistencial que alivie los efectos perjudiciales sobre la persona y su familia en este periodo de transici\u00f3n entre empleos.<\/strong><br \/>\n3.- <strong>El fomento a la creaci\u00f3n de nuevas fuentes formales de empleos, la capacitaci\u00f3n efectiva de las y los trabajadores.<\/strong><\/p>\n<p style=\"text-align: justify;\">Ricardo Astudillo a\u00f1adi\u00f3 que para llevar a cabo estos tres ejes se debe implementar un modelo de Seguro de Desempleo, se\u00f1alando que este modelo ha tenido \u00e9xito en otros pa\u00edses y se alinea con la normativa y con el Plan Nacional de Desarrollo. As\u00ed mismo, sostuvo que la\u00a0Ley de Protecci\u00f3n y Fomento al Empleo del Estado de Guerrero ofrece un apoyo econ\u00f3mico, estimular y promover la incorporaci\u00f3n a un empleo en el sector formal.<\/p>\n<p><img loading=\"lazy\" decoding=\"async\" class=\"alignleft size-medium wp-image-1235028\" src=\"https:\/\/www.acapulco.press\/wp-content\/uploads\/2021\/11\/Ricardo-Astudillo4-375x210.jpg\" alt=\"\" width=\"375\" height=\"210\" \/>Las personas que busquen ser beneficiarios deben contar con los siguientes requisitos:<\/p>\n<p style=\"text-align: justify;\"><strong>* Ser mayores de 18 a\u00f1os.<\/strong><br \/>\n<strong>* Haber perdido su empleo por cuestiones ajenas a su voluntad.<\/strong><br \/>\n<strong>* Residir en el Estado.<\/strong><br \/>\n<strong>* Inscribirse en el Padr\u00f3n (bolsa de trabajo) que estar\u00e1 a cargo de la Secretar\u00eda del Trabajo y Previsi\u00f3n Social del Estado.<\/strong><br \/>\n<strong>* No recibir alguna otra prestaci\u00f3n gubernamental por un concepto diverso.<\/strong><br \/>\n<strong>* Acreditar haber laborado durante un a\u00f1o de forma interrumpida, previo a la p\u00e9rdida del empleo.<\/strong><\/p>\n<p style=\"text-align: justify;\">Para tal efecto, se realizar\u00e1 una distinci\u00f3n a las personas que tengan una carga econ\u00f3mica adicional, al tener familiares a su cargo u otros motivos.<\/p>\n<p style=\"text-align: justify;\">El monto del Seguro se propone ser equivalente a quince salarios m\u00ednimos para beneficiarios de manera general ($2,125.50 pesos) durante cuatro meses y de treinta salarios m\u00ednimos a beneficiarios en situaci\u00f3n especial ($4,251 pesos) durante seis meses.\u00a0Adem\u00e1s, los beneficiarios tendr\u00e1n facilidades para reincorporarse al mercado laboral; capacitaci\u00f3n; concertaci\u00f3n de entrevistas; o inscripci\u00f3n en el padr\u00f3n (bolsa de trabajo).<\/p>\n<p style=\"text-align: justify;\">Cabe destacar que la Ley de Protecci\u00f3n y Fomento al Empleo del Estado de Guerrero es una de las propuestas de campa\u00f1a que ofreci\u00f3 promover Ricardo Astudillo Calvo como legislador. La iniciativa con proyecto de decreto fue turnada por la Presidencia de la Mesa Directiva del H. Congreso del Estado a la Comisi\u00f3n de Desarrollo Econ\u00f3mico y Trabajo, para los efectos dispuestos en los Art\u00edculos 174 fracci\u00f3n I, 241 y 244 de la Ley Org\u00e1nica del Poder Legislativo.<\/p>\n","protected":false},"excerpt":{"rendered":"<p>] CHILPANCINGO. * 24 de noviembre de 2021. ) LXIII Legislatura. El diputado Ricardo Astudillo Calvo present\u00f3 ante el pleno del Congreso del Estado una Iniciativa con proyecto de Decreto por el que se busca crear la Ley de Fomento Protecci\u00f3n al Empleo del Estado de Guerrero. Esto, debido a las afectaciones laborales ocasionadas por&#8230;<\/p>\n","protected":false},"author":2,"featured_media":1235027,"comment_status":"closed","ping_status":"closed","sticky":false,"template":"","format":"standard","meta":{"footnotes":""},"categories":[1972],"tags":[15571,16402],"class_list":["post-1235024","post","type-post","status-publish","format-standard","has-post-thumbnail","hentry","category-special","tag-ricardo-astudillo-calvo","tag-seguro-de-desempleo"],"_links":{"self":[{"href":"https:\/\/www.acapulcopress.com\/index.php\/wp-json\/wp\/v2\/posts\/1235024","targetHints":{"allow":["GET"]}}],"collection":[{"href":"https:\/\/www.acapulcopress.com\/index.php\/wp-json\/wp\/v2\/posts"}],"about":[{"href":"https:\/\/www.acapulcopress.com\/index.php\/wp-json\/wp\/v2\/types\/post"}],"author":[{"embeddable":true,"href":"https:\/\/www.acapulcopress.com\/index.php\/wp-json\/wp\/v2\/users\/2"}],"replies":[{"embeddable":true,"href":"https:\/\/www.acapulcopress.com\/index.php\/wp-json\/wp\/v2\/comments?post=1235024"}],"version-history":[{"count":0,"href":"https:\/\/www.acapulcopress.com\/index.php\/wp-json\/wp\/v2\/posts\/1235024\/revisions"}],"wp:featuredmedia":[{"embeddable":true,"href":"https:\/\/www.acapulcopress.com\/index.php\/wp-json\/"}],"wp:attachment":[{"href":"https:\/\/www.acapulcopress.com\/index.php\/wp-json\/wp\/v2\/media?parent=1235024"}],"wp:term":[{"taxonomy":"category","embeddable":true,"href":"https:\/\/www.acapulcopress.com\/index.php\/wp-json\/wp\/v2\/categories?post=1235024"},{"taxonomy":"post_tag","embeddable":true,"href":"https:\/\/www.acapulcopress.com\/index.php\/wp-json\/wp\/v2\/tags?post=1235024"}],"curies":[{"name":"wp","href":"https:\/\/api.w.org\/{rel}","templated":true}]}}