{"id":1235034,"date":"2021-11-24T22:12:31","date_gmt":"2021-11-25T04:12:31","guid":{"rendered":"https:\/\/www.acapulco.press\/?p=1235034"},"modified":"2021-11-24T22:12:31","modified_gmt":"2021-11-25T04:12:31","slug":"covid-al-alza-en-acapulco-y-chilpancingo","status":"publish","type":"post","link":"https:\/\/www.acapulcopress.com\/index.php\/2021\/11\/24\/covid-al-alza-en-acapulco-y-chilpancingo\/","title":{"rendered":"Covid al alza en Acapulco y Chilpancingo"},"content":{"rendered":"<p style=\"text-align: justify;\">\u00bb <strong>Mario Garc\u00eda Rodr\u00edguez<\/strong>.<br \/>\n] CHILPANCINGO. * 24 de noviembre de 2021.<br \/>\n<em>) ANASA.<\/em><\/p>\n<p style=\"text-align: justify;\">El estado sum\u00f3, al corte del mediod\u00eda de ayer, martes, 76 mil 852 contagios de Covid-19 acumulados, con seis mil 223 defunciones, inform\u00f3 la Secretar\u00eda de Salud del estado en tablas y gr\u00e1ficas que public\u00f3 en su p\u00e1gina oficial de facebook esta tarde.<\/p>\n<p>De acuerdo con la dependencia, tan s\u00f3lo en 24 horas se registraron 19 nuevos contagios y un deceso m\u00e1s que viene a sumar 44 en lo que va del mes de noviembre, un promedio de dos diarios.<\/p>\n<p>Respecto a los casos activos, se inform\u00f3 que al d\u00eda de ayer hay 121, 33 de los cuales est\u00e1n concentrados en Acapulco, 15 en Chilpancingo, 12 en Iguala, ocho en Tlapa, siete en Taxco, cinco en Tixtla, cuatro en Coyuca de Catal\u00e1n, cuatro en Zihuatanejo, tres en Azoy\u00fa y dos en Ayutla.<\/p>\n<p>Tambi\u00e9n se indic\u00f3 que en los diferentes nosocomios se encuentran internadas un total de 39 personas tras contraer el virus, lo que representa una ocupaci\u00f3n hospitalaria estatal del siete por ciento, 10 puntos porcentuales por debajo de la media nacional que es del 17 por ciento.<\/p>\n<p>El ex titular de la Secretar\u00eda de Salud en el estado, Carlos de la Pe\u00f1a Pintos advirti\u00f3 de un posible repunte de contagios en Acapulco y Chilpancingo, debido al relajamiento de medidas sanitarias.<\/p>\n<p>Sin embargo, las alcaldesas de ambos municipios, Abelina L\u00f3pez Rodr\u00edguez y Norma Otilia Hern\u00e1ndez Mart\u00ednez, respectivamente, han hecho caso omiso, dado que han encabezado diversos eventos p\u00fablicos en los que se concentran cientos de personas que no guardan su distancia.<\/p>\n","protected":false},"excerpt":{"rendered":"<p>\u00bb Mario Garc\u00eda Rodr\u00edguez. ] CHILPANCINGO. * 24 de noviembre de 2021. ) ANASA. El estado sum\u00f3, al corte del mediod\u00eda de ayer, martes, 76 mil 852 contagios de Covid-19 acumulados, con seis mil 223 defunciones, inform\u00f3 la Secretar\u00eda de Salud del estado en tablas y gr\u00e1ficas que public\u00f3 en su p\u00e1gina oficial de facebook&#8230;<\/p>\n","protected":false},"author":2,"featured_media":1235035,"comment_status":"closed","ping_status":"closed","sticky":false,"template":"","format":"standard","meta":{"footnotes":""},"categories":[1997],"tags":[3077,6701,13744],"class_list":["post-1235034","post","type-post","status-publish","format-standard","has-post-thumbnail","hentry","category-noticias-destacadas","tag-abelina-lopez-rodriguez","tag-covid-19","tag-norma-otilia-hernandez-martinez"],"_links":{"self":[{"href":"https:\/\/www.acapulcopress.com\/index.php\/wp-json\/wp\/v2\/posts\/1235034","targetHints":{"allow":["GET"]}}],"collection":[{"href":"https:\/\/www.acapulcopress.com\/index.php\/wp-json\/wp\/v2\/posts"}],"about":[{"href":"https:\/\/www.acapulcopress.com\/index.php\/wp-json\/wp\/v2\/types\/post"}],"author":[{"embeddable":true,"href":"https:\/\/www.acapulcopress.com\/index.php\/wp-json\/wp\/v2\/users\/2"}],"replies":[{"embeddable":true,"href":"https:\/\/www.acapulcopress.com\/index.php\/wp-json\/wp\/v2\/comments?post=1235034"}],"version-history":[{"count":0,"href":"https:\/\/www.acapulcopress.com\/index.php\/wp-json\/wp\/v2\/posts\/1235034\/revisions"}],"wp:featuredmedia":[{"embeddable":true,"href":"https:\/\/www.acapulcopress.com\/index.php\/wp-json\/"}],"wp:attachment":[{"href":"https:\/\/www.acapulcopress.com\/index.php\/wp-json\/wp\/v2\/media?parent=1235034"}],"wp:term":[{"taxonomy":"category","embeddable":true,"href":"https:\/\/www.acapulcopress.com\/index.php\/wp-json\/wp\/v2\/categories?post=1235034"},{"taxonomy":"post_tag","embeddable":true,"href":"https:\/\/www.acapulcopress.com\/index.php\/wp-json\/wp\/v2\/tags?post=1235034"}],"curies":[{"name":"wp","href":"https:\/\/api.w.org\/{rel}","templated":true}]}}