{"id":1235040,"date":"2021-11-25T19:37:36","date_gmt":"2021-11-26T01:37:36","guid":{"rendered":"https:\/\/www.acapulco.press\/?p=1235040"},"modified":"2021-11-25T19:37:36","modified_gmt":"2021-11-26T01:37:36","slug":"las-ninas-no-se-venden-senador-anorve","status":"publish","type":"post","link":"https:\/\/www.acapulcopress.com\/index.php\/2021\/11\/25\/las-ninas-no-se-venden-senador-anorve\/","title":{"rendered":"\u00a1Las ni\u00f1as no se venden! | Senador A\u00f1orve"},"content":{"rendered":"<p style=\"text-align: justify;\">] CIUDAD DE M\u00c9XICO. * 25 de noviembre de 2021.<br \/>\n<em>) Senado de la Rep\u00fablica.<\/em><br \/>\nEn el marco de la conmemoraci\u00f3n del D\u00eda Internacional de Eliminaci\u00f3n de la Violencia contra la Mujer, el Senador de la Rep\u00fablica Manuel A\u00f1orve Ba\u00f1os insisti\u00f3 en poner fin a la venta de ni\u00f1as y matrimonios forzados en la Monta\u00f1a de Guerrero, ya que esta pr\u00e1ctica afecta a miles de mujeres y no debe seguirse dejando pasar por alto.<\/p>\n<p style=\"text-align: justify;\">\u00abNi por dinero, ni por ganado, ni por cerveza, ni por costumbre, ni por tradici\u00f3n. Lo repito fuerte y claro, \u00a1las ni\u00f1as no se venden!\u00bb, enfatiz\u00f3 Manuel A\u00f1orve, quien\u00a0lament\u00f3 que en Guerrero se tenga el registro de al menos 300 mil ni\u00f1as fueron obligadas a contraer matrimonio y que lamentablemente, esta cifra aumente cada a\u00f1o.<\/p>\n<p style=\"text-align: justify;\">Explic\u00f3 que por ejemplo, en Cochoapa se calcula que el 97 o 98 por ciento de los matrimonios son forzados, acordados por los padres de los contrayentes y a cambio, en la mayor\u00eda de los casos, de dinero o bienes.<\/p>\n<p style=\"text-align: justify;\">El legislador priista, detall\u00f3 que su propuesta de iniciativa, turnada a comisiones en d\u00edas pasados, plantea reformar la Ley General de Acceso de las Mujeres a una Vida Libre de Violencia, para establecer, como una obligaci\u00f3n de la Federaci\u00f3n, el garantizar que los usos y costumbres de todas las comunidades, no atenten contra los derechos humanos de las mujeres y no sirvan como excusa para venderlas al mejor postor.<\/p>\n","protected":false},"excerpt":{"rendered":"<p>] CIUDAD DE M\u00c9XICO. * 25 de noviembre de 2021. ) Senado de la Rep\u00fablica. En el marco de la conmemoraci\u00f3n del D\u00eda Internacional de Eliminaci\u00f3n de la Violencia contra la Mujer, el Senador de la Rep\u00fablica Manuel A\u00f1orve Ba\u00f1os insisti\u00f3 en poner fin a la venta de ni\u00f1as y matrimonios forzados en la Monta\u00f1a&#8230;<\/p>\n","protected":false},"author":2,"featured_media":1235041,"comment_status":"closed","ping_status":"closed","sticky":false,"template":"","format":"standard","meta":{"footnotes":""},"categories":[1972,1997],"tags":[6374,12366,12806,16471],"class_list":["post-1235040","post","type-post","status-publish","format-standard","has-post-thumbnail","hentry","category-special","category-noticias-destacadas","tag-congreso-de-la-union","tag-manuel-anorve-banos","tag-matrimonio-infantil-forzado","tag-senado-de-la-republica"],"_links":{"self":[{"href":"https:\/\/www.acapulcopress.com\/index.php\/wp-json\/wp\/v2\/posts\/1235040","targetHints":{"allow":["GET"]}}],"collection":[{"href":"https:\/\/www.acapulcopress.com\/index.php\/wp-json\/wp\/v2\/posts"}],"about":[{"href":"https:\/\/www.acapulcopress.com\/index.php\/wp-json\/wp\/v2\/types\/post"}],"author":[{"embeddable":true,"href":"https:\/\/www.acapulcopress.com\/index.php\/wp-json\/wp\/v2\/users\/2"}],"replies":[{"embeddable":true,"href":"https:\/\/www.acapulcopress.com\/index.php\/wp-json\/wp\/v2\/comments?post=1235040"}],"version-history":[{"count":0,"href":"https:\/\/www.acapulcopress.com\/index.php\/wp-json\/wp\/v2\/posts\/1235040\/revisions"}],"wp:featuredmedia":[{"embeddable":true,"href":"https:\/\/www.acapulcopress.com\/index.php\/wp-json\/"}],"wp:attachment":[{"href":"https:\/\/www.acapulcopress.com\/index.php\/wp-json\/wp\/v2\/media?parent=1235040"}],"wp:term":[{"taxonomy":"category","embeddable":true,"href":"https:\/\/www.acapulcopress.com\/index.php\/wp-json\/wp\/v2\/categories?post=1235040"},{"taxonomy":"post_tag","embeddable":true,"href":"https:\/\/www.acapulcopress.com\/index.php\/wp-json\/wp\/v2\/tags?post=1235040"}],"curies":[{"name":"wp","href":"https:\/\/api.w.org\/{rel}","templated":true}]}}