{"id":1235046,"date":"2021-11-25T19:48:22","date_gmt":"2021-11-26T01:48:22","guid":{"rendered":"https:\/\/www.acapulco.press\/?p=1235046"},"modified":"2021-11-25T19:48:22","modified_gmt":"2021-11-26T01:48:22","slug":"fiscalia-vincula-a-proceso-a-secuestradora-de-ometepec","status":"publish","type":"post","link":"https:\/\/www.acapulcopress.com\/index.php\/2021\/11\/25\/fiscalia-vincula-a-proceso-a-secuestradora-de-ometepec\/","title":{"rendered":"Fiscal\u00eda vincula a proceso a secuestradora de Ometepec"},"content":{"rendered":"<p style=\"text-align: justify;\">] CHILPANCINGO. * 25 de noviembre de 2021.<br \/>\n<em>) FGE.<\/em><br \/>\nEl Ministerio P\u00fablico de Ometepec obtuvo vinculaci\u00f3n a proceso en contra de Primitiva \u00abN\u00bb como probable responsable del delito de secuestro agravado de masculino, en la regi\u00f3n Costa Chica.<\/p>\n<p style=\"text-align: justify;\">Los hechos el pasado 9 de septiembre de 2021, la v\u00edctima trabajador de un veh\u00edculo de transporte de mudanzas fue privado de la libertad por la imputada en conjunto con otras dos personas del sexo masculino, cuando conduc\u00eda de Ometepec al poblado de Igualapa, debido a que un d\u00eda antes recibi\u00f3 una llamada para un viaje de mudanza.<\/p>\n<p style=\"text-align: justify;\">Siendo interceptado y llevado a una casa de seguridad donde exigieron una cantidad de dinero por su liberaci\u00f3n.<\/p>\n<p style=\"text-align: justify;\">Mediante trabajo de inteligencia y de campo el d\u00eda 29 de octubre del presente a\u00f1o se ubic\u00f3 el lugar donde manten\u00edan a la v\u00edctima en cautiverio; los captores lo abandonaron y fue rescatado.<\/p>\n<p style=\"text-align: justify;\">En audiencia inicial el Ministerio P\u00fablico aport\u00f3 los datos de prueba, obteniendo del Juez de Control vinculaci\u00f3n a proceso en contra de Primitiva \u00abN\u00bb, otorgando cinco meses de investigaci\u00f3n complementaria, quedando interna en el Centro de Reinserci\u00f3n Social bajo la medida cautelar de prisi\u00f3n preventiva oficiosa.<\/p>\n","protected":false},"excerpt":{"rendered":"<p>] CHILPANCINGO. * 25 de noviembre de 2021. ) FGE. El Ministerio P\u00fablico de Ometepec obtuvo vinculaci\u00f3n a proceso en contra de Primitiva \u00abN\u00bb como probable responsable del delito de secuestro agravado de masculino, en la regi\u00f3n Costa Chica. Los hechos el pasado 9 de septiembre de 2021, la v\u00edctima trabajador de un veh\u00edculo de&#8230;<\/p>\n","protected":false},"author":2,"featured_media":1235047,"comment_status":"closed","ping_status":"closed","sticky":false,"template":"","format":"standard","meta":{"footnotes":""},"categories":[1969,2005],"tags":[8703,10946,14737],"class_list":["post-1235046","post","type-post","status-publish","format-standard","has-post-thumbnail","hentry","category-trending","category-seguridad-y-justicia","tag-fiscalia-general-del-estado-de-guerrero-fge","tag-jorge-zuriel-de-los-santos-barrila","tag-policia-ministerial-de-guerrero"],"_links":{"self":[{"href":"https:\/\/www.acapulcopress.com\/index.php\/wp-json\/wp\/v2\/posts\/1235046","targetHints":{"allow":["GET"]}}],"collection":[{"href":"https:\/\/www.acapulcopress.com\/index.php\/wp-json\/wp\/v2\/posts"}],"about":[{"href":"https:\/\/www.acapulcopress.com\/index.php\/wp-json\/wp\/v2\/types\/post"}],"author":[{"embeddable":true,"href":"https:\/\/www.acapulcopress.com\/index.php\/wp-json\/wp\/v2\/users\/2"}],"replies":[{"embeddable":true,"href":"https:\/\/www.acapulcopress.com\/index.php\/wp-json\/wp\/v2\/comments?post=1235046"}],"version-history":[{"count":0,"href":"https:\/\/www.acapulcopress.com\/index.php\/wp-json\/wp\/v2\/posts\/1235046\/revisions"}],"wp:featuredmedia":[{"embeddable":true,"href":"https:\/\/www.acapulcopress.com\/index.php\/wp-json\/"}],"wp:attachment":[{"href":"https:\/\/www.acapulcopress.com\/index.php\/wp-json\/wp\/v2\/media?parent=1235046"}],"wp:term":[{"taxonomy":"category","embeddable":true,"href":"https:\/\/www.acapulcopress.com\/index.php\/wp-json\/wp\/v2\/categories?post=1235046"},{"taxonomy":"post_tag","embeddable":true,"href":"https:\/\/www.acapulcopress.com\/index.php\/wp-json\/wp\/v2\/tags?post=1235046"}],"curies":[{"name":"wp","href":"https:\/\/api.w.org\/{rel}","templated":true}]}}