{"id":1235063,"date":"2021-11-25T20:46:11","date_gmt":"2021-11-26T02:46:11","guid":{"rendered":"https:\/\/www.acapulco.press\/?p=1235063"},"modified":"2021-11-25T20:46:11","modified_gmt":"2021-11-26T02:46:11","slug":"pide-jacko-badillo-acabar-con-denigracion-de-la-mujer-en-memes-y-generos-musicales","status":"publish","type":"post","link":"https:\/\/www.acapulcopress.com\/index.php\/2021\/11\/25\/pide-jacko-badillo-acabar-con-denigracion-de-la-mujer-en-memes-y-generos-musicales\/","title":{"rendered":"Pide Jacko Badillo acabar con denigraci\u00f3n de la mujer en memes y g\u00e9neros musicales"},"content":{"rendered":"<p style=\"text-align: justify;\">] CHILPANCINGO. * 25 de noviembre de 2021.<br \/>\n<em>) LXIII Legislatura.<\/em><\/p>\n<p style=\"text-align: justify;\">Al reconocer que, lamentablemente, la misoginia y el machismo son conductas que a\u00fan prevalecen en Guerrero y que combinadas con el consumo de alcohol y drogas se potencializan, el diputado local Joaqu\u00edn \u201cJacko\u201d Badillo Escamilla, reconoci\u00f3 la lucha que por a\u00f1os han enarbolado las mujeres, y que les ha permitido avanzar en la defensa de sus derechos.<\/p>\n<p style=\"text-align: justify;\"><img loading=\"lazy\" decoding=\"async\" class=\"alignleft size-medium wp-image-1235055\" src=\"https:\/\/www.acapulco.press\/wp-content\/uploads\/2021\/11\/jacko-badillo2-375x211.jpg\" alt=\"\" width=\"375\" height=\"211\" \/>En su intervenci\u00f3n en la m\u00e1xima tribuna del estado en el marco del D\u00eda Internacional de la Eliminaci\u00f3n de la Violencia contra la Mujer, el legislador convoc\u00f3 a que desde los hogares se predique con el ejemplo, evitando que nuestros hijos convivan en ambientes violentos. \u201cSi nosotros permitimos alg\u00fan aspaviento, alguna violencia f\u00edsica, gritos o malas palabras al interior del hogar, se puede hacer costumbre para que nuestros hijos piensen, sobre todo los varones, que eso es aceptado\u201d, expres\u00f3.<\/p>\n<p style=\"text-align: justify;\">Jacko Badillo conden\u00f3 cualquier tipo de violencia hacia las damas, ya sea sexual, f\u00edsica, psicol\u00f3gica, econ\u00f3mica o de otro tipo, \u201cque por lo regular viene de un var\u00f3n que genera opresi\u00f3n hacia el que se mal llamaba sexo d\u00e9bil, y que incluso en el \u00e1mbito de los usos y costumbre se ven\u00eda manejando como socialmente aceptada\u201d.<\/p>\n<p style=\"text-align: justify;\">El legislador aclar\u00f3 que no se trata de enfrascarse en una lucha de hombres contra mujeres, ni de ver qui\u00e9n puede m\u00e1s o qui\u00e9n vence al otro; \u201clo digo con humildad, creo que (hombres y mujeres) somos un complemento y que debemos, como sociedad, seguir ponderando a la mujer\u201d, expres\u00f3, al tiempo de destacar que todos \u201cde ah\u00ed venimos, de nuestras mam\u00e1s, esposas, hijas, hacia quienes debemos tener todas las atenciones y darles el valor que se merecen\u201d.<\/p>\n<p style=\"text-align: justify;\">El diputado local reconoci\u00f3, en ese sentido, los avances que se han logrado en el \u00e1mbito pol\u00edtico, y como hechos hist\u00f3ricos en Guerrero, el que sean mujeres quienes encabecen los municipios m\u00e1s importantes, como Acapulco y la capital del estado, Chilpancingo, con las alcaldesas Abelina L\u00f3pez Rodr\u00edguez y Norma Otilia Hern\u00e1ndez Mart\u00ednez, adem\u00e1s de la titular del Ejecutivo con la gobernadora Evelyn Salgado Pineda, mientras que el Congreso del estado, donde existe paridad en su integraci\u00f3n con mitad hombres y mitad mujeres, es presidido en su mesa directiva por una f\u00e9mina, la diputada Flor A\u00f1orve Ocampo.<\/p>\n<p style=\"text-align: justify;\">Finalmente, convoc\u00f3 a sus compa\u00f1eros legisladores a no permitir que se siga denigrando a la mujer, como se hace en algunos g\u00e9neros musicales como el reguet\u00f3n, donde se les trata como objeto sexual, en los memes o en las redes sociales; \u201cdesde aqu\u00ed vamos a cerrar filas, luchemos juntos para que sigamos construyendo una nueva historia para Guerrero y sus mujeres\u201d, concluy\u00f3.<\/p>\n","protected":false},"excerpt":{"rendered":"<p>] CHILPANCINGO. * 25 de noviembre de 2021. ) LXIII Legislatura. Al reconocer que, lamentablemente, la misoginia y el machismo son conductas que a\u00fan prevalecen en Guerrero y que combinadas con el consumo de alcohol y drogas se potencializan, el diputado local Joaqu\u00edn \u201cJacko\u201d Badillo Escamilla, reconoci\u00f3 la lucha que por a\u00f1os han enarbolado las&#8230;<\/p>\n","protected":false},"author":2,"featured_media":1235054,"comment_status":"closed","ping_status":"closed","sticky":false,"template":"","format":"standard","meta":{"footnotes":""},"categories":[1972,61,18561],"tags":[2746,7218,10804],"class_list":["post-1235063","post","type-post","status-publish","format-standard","has-post-thumbnail","hentry","category-special","category-legislacion","category-society-politics","tag-jackobadillo","tag-dia-internacional-de-la-eliminacion-de-la-violencia-contra-la-mujer","tag-joaquin-badillo-escamilla"],"_links":{"self":[{"href":"https:\/\/www.acapulcopress.com\/index.php\/wp-json\/wp\/v2\/posts\/1235063","targetHints":{"allow":["GET"]}}],"collection":[{"href":"https:\/\/www.acapulcopress.com\/index.php\/wp-json\/wp\/v2\/posts"}],"about":[{"href":"https:\/\/www.acapulcopress.com\/index.php\/wp-json\/wp\/v2\/types\/post"}],"author":[{"embeddable":true,"href":"https:\/\/www.acapulcopress.com\/index.php\/wp-json\/wp\/v2\/users\/2"}],"replies":[{"embeddable":true,"href":"https:\/\/www.acapulcopress.com\/index.php\/wp-json\/wp\/v2\/comments?post=1235063"}],"version-history":[{"count":0,"href":"https:\/\/www.acapulcopress.com\/index.php\/wp-json\/wp\/v2\/posts\/1235063\/revisions"}],"wp:featuredmedia":[{"embeddable":true,"href":"https:\/\/www.acapulcopress.com\/index.php\/wp-json\/"}],"wp:attachment":[{"href":"https:\/\/www.acapulcopress.com\/index.php\/wp-json\/wp\/v2\/media?parent=1235063"}],"wp:term":[{"taxonomy":"category","embeddable":true,"href":"https:\/\/www.acapulcopress.com\/index.php\/wp-json\/wp\/v2\/categories?post=1235063"},{"taxonomy":"post_tag","embeddable":true,"href":"https:\/\/www.acapulcopress.com\/index.php\/wp-json\/wp\/v2\/tags?post=1235063"}],"curies":[{"name":"wp","href":"https:\/\/api.w.org\/{rel}","templated":true}]}}