{"id":1235069,"date":"2021-11-25T21:23:04","date_gmt":"2021-11-26T03:23:04","guid":{"rendered":"https:\/\/www.acapulco.press\/?p=1235069"},"modified":"2021-11-25T21:23:04","modified_gmt":"2021-11-26T03:23:04","slug":"oaxaca-y-la-guelaguetza-muestra-artistica-gastronomica-y-cultural-en-puerto-marques","status":"publish","type":"post","link":"https:\/\/www.acapulcopress.com\/index.php\/2021\/11\/25\/oaxaca-y-la-guelaguetza-muestra-artistica-gastronomica-y-cultural-en-puerto-marques\/","title":{"rendered":"Oaxaca y La Guelaguetza | muestra art\u00edstica, gastron\u00f3mica y cultural en Puerto Marqu\u00e9s"},"content":{"rendered":"<p style=\"text-align: justify;\">\u00bb <strong>Fulgencio Ram\u00edrez Lozano<\/strong>.<br \/>\n] ACAPULCO. * 25 de noviembre de 2021.<br \/>\n<em>) Acapulco Press.<\/em><\/p>\n<p style=\"text-align: justify;\">Guerrero y Oaxaca se unen para mostrar en esta ciudad y puerto toda una muestra de riqueza cultural, artesanal y gastron\u00f3mica que realizar\u00e1 del 25 de noviembre al 12 <img loading=\"lazy\" decoding=\"async\" class=\"alignleft size-medium wp-image-1235072\" src=\"https:\/\/www.acapulco.press\/wp-content\/uploads\/2021\/11\/Guelaguetza-375x281.jpeg\" alt=\"\" width=\"375\" height=\"281\" \/>de diciembre en Puerto Marqu\u00e9s, que adem\u00e1s, es otro atractivo tur\u00edstico.<\/p>\n<p>Este d\u00eda, desde la entrada al poblado de Puerto Marqu\u00e9s, se vivi\u00f3 un ambiente multicolor con los puestos de ropa, artesan\u00eda, gastronom\u00eda y manualidades en lo que se denomina \u00abOaxaca y la Guelaguetza\u00bb, evento que fue bien recibido por los pobladores y turistas, que disfrutaron del arte, fiesta y tradici\u00f3n.<\/p>\n<p>En su intervenci\u00f3n, el comisario municipal Rafael Cisneros Escuen di\u00f3 la bienvenida a los participantes de la muestra cultural, art\u00edstica y gastron\u00f3mica, donde destac\u00f3: \u00abqueremos que los turistas Mexicano u extranjeros vengan a gozar de nuestra bah\u00eda, de nuestras playas y nuestras monta\u00f1as; vivan tambi\u00e9n los atractivos de Oaxaca\u00bb.<br \/>\nEl representante popular de Puerto Marqu\u00e9s se dijo convencido que el evento ser\u00e1 todo un \u00e9xito para los pobladores y turistas, as\u00ed como tambi\u00e9n para los expositores oaxaque\u00f1os.<\/p>\n<p>Cisneros Escuen subray\u00f3 que \u00abaqu\u00ed tenemos todo para unas tranquilas y alegres vacaciones, gracias a nuestro hermoso paisaje natural al que ahora se suma la propuesta cultural de Oaxaca\u00bb.<\/p>\n<p>El director general de a caravana cultural, Joaqu\u00edn Alberto V\u00e1zquez S\u00e1nchez menciono que el programa de actividades es diverso y sin costo alguno, donde prevalecen trovadores que interpretar\u00e1n melod\u00edas arraigadas en la cultura oaxaque\u00f1a y Guerrerense, como las chilenas, La llorona, Dios nunca muere, Canci\u00f3n Mixteca o boleros de \u00c1lvaro Carrillo.<\/p>\n<p>En esta caravana mostraremos una colorida y muestra artesanal y gastron\u00f3mica con tlayudas, mole negro, mezcal, chapulines al mojo de ajo, agua de horchata almendrada, chocolate, nieves y muchas otras cosas.<\/p>\n<p>En la muestra Oaxaca y la Guelaguetza se mostraron los trajes t\u00edpicos de las ocho regiones de all\u00e1, como son: Istmo de Tehuantepec, Valles Centrales, La Mixteca, el alto Papaloapan, Sierra Norte, Sierra Sur, Regi\u00f3n Mazateca y la gloriosa Costa Chica.<\/p>\n<p>Al evento se dieron cita personajes importantes, como el artista internacional de doblajes, Bernab\u00e9 Palma, los ex comisarios municipales y como representante del secretario de Turismo Municipal, David Abarca, el secretario Arturo L\u00f3pez Sug\u00eda.<\/p>\n<div style=\"width: 640px;\" class=\"wp-video\"><video class=\"wp-video-shortcode\" id=\"video-1235069-1\" width=\"640\" height=\"352\" preload=\"metadata\" controls=\"controls\"><source type=\"video\/mp4\" src=\"https:\/\/www.acapulco.press\/wp-content\/uploads\/2021\/11\/Oaxaca-Guelaguezta.mp4?_=1\" \/><a href=\"https:\/\/www.acapulco.press\/wp-content\/uploads\/2021\/11\/Oaxaca-Guelaguezta.mp4\">https:\/\/www.acapulco.press\/wp-content\/uploads\/2021\/11\/Oaxaca-Guelaguezta.mp4<\/a><\/video><\/div>\n<div style=\"width: 640px;\" class=\"wp-video\"><video class=\"wp-video-shortcode\" id=\"video-1235069-2\" width=\"640\" height=\"352\" preload=\"metadata\" controls=\"controls\"><source type=\"video\/mp4\" src=\"https:\/\/www.acapulco.press\/wp-content\/uploads\/2021\/11\/sugia.mp4?_=2\" \/><a href=\"https:\/\/www.acapulco.press\/wp-content\/uploads\/2021\/11\/sugia.mp4\">https:\/\/www.acapulco.press\/wp-content\/uploads\/2021\/11\/sugia.mp4<\/a><\/video><\/div>\n","protected":false},"excerpt":{"rendered":"<p>\u00bb Fulgencio Ram\u00edrez Lozano. ] ACAPULCO. * 25 de noviembre de 2021. ) Acapulco Press. Guerrero y Oaxaca se unen para mostrar en esta ciudad y puerto toda una muestra de riqueza cultural, artesanal y gastron\u00f3mica que realizar\u00e1 del 25 de noviembre al 12 de diciembre en Puerto Marqu\u00e9s, que adem\u00e1s, es otro atractivo tur\u00edstico&#8230;.<\/p>\n","protected":false},"author":2,"featured_media":1235073,"comment_status":"closed","ping_status":"closed","sticky":false,"template":"","format":"standard","meta":{"footnotes":""},"categories":[2058,1988],"tags":[],"class_list":["post-1235069","post","type-post","status-publish","format-standard","has-post-thumbnail","hentry","category-festivales-y-tradiciones","category-lifestyles"],"_links":{"self":[{"href":"https:\/\/www.acapulcopress.com\/index.php\/wp-json\/wp\/v2\/posts\/1235069","targetHints":{"allow":["GET"]}}],"collection":[{"href":"https:\/\/www.acapulcopress.com\/index.php\/wp-json\/wp\/v2\/posts"}],"about":[{"href":"https:\/\/www.acapulcopress.com\/index.php\/wp-json\/wp\/v2\/types\/post"}],"author":[{"embeddable":true,"href":"https:\/\/www.acapulcopress.com\/index.php\/wp-json\/wp\/v2\/users\/2"}],"replies":[{"embeddable":true,"href":"https:\/\/www.acapulcopress.com\/index.php\/wp-json\/wp\/v2\/comments?post=1235069"}],"version-history":[{"count":0,"href":"https:\/\/www.acapulcopress.com\/index.php\/wp-json\/wp\/v2\/posts\/1235069\/revisions"}],"wp:featuredmedia":[{"embeddable":true,"href":"https:\/\/www.acapulcopress.com\/index.php\/wp-json\/"}],"wp:attachment":[{"href":"https:\/\/www.acapulcopress.com\/index.php\/wp-json\/wp\/v2\/media?parent=1235069"}],"wp:term":[{"taxonomy":"category","embeddable":true,"href":"https:\/\/www.acapulcopress.com\/index.php\/wp-json\/wp\/v2\/categories?post=1235069"},{"taxonomy":"post_tag","embeddable":true,"href":"https:\/\/www.acapulcopress.com\/index.php\/wp-json\/wp\/v2\/tags?post=1235069"}],"curies":[{"name":"wp","href":"https:\/\/api.w.org\/{rel}","templated":true}]}}