{"id":1235089,"date":"2021-11-25T22:12:52","date_gmt":"2021-11-26T04:12:52","guid":{"rendered":"https:\/\/www.acapulco.press\/?p=1235089"},"modified":"2021-11-25T22:12:52","modified_gmt":"2021-11-26T04:12:52","slug":"gobernadora-se-declara-aliada-de-las-mujeres-guerrerenses","status":"publish","type":"post","link":"https:\/\/www.acapulcopress.com\/index.php\/2021\/11\/25\/gobernadora-se-declara-aliada-de-las-mujeres-guerrerenses\/","title":{"rendered":"Gobernadora se declara aliada de las mujeres guerrerenses"},"content":{"rendered":"<p style=\"text-align: justify;\">] CHILPANCINGO. * 25 de noviembre de 2021.<br \/>\n<em>) Gobierno de Guerrero.<\/em><\/p>\n<p style=\"text-align: justify;\">No vamos a permitir que bajo el amparo de tradiciones, usos y costumbres se atente contra el desarrollo y bienestar de nuestras ni\u00f1as y mujeres en Guerrero, enfatiz\u00f3 la gobernadora Evelyn Salgado Pineda al presidir la XXXIX Sesi\u00f3n Ordinaria del Sistema Estatal para Prevenir, Atender, Sancionar y Erradicar la Violencia Contra las Mujeres.<\/p>\n<p style=\"text-align: justify;\">\u201cTodas y todos los que estamos aqu\u00ed y que formamos parte de este esfuerzo para transformar Guerrero, tenemos un compromiso claro y prioritario con nuestro pueblo, erradicar toda clase de violencia contra las mujeres y convertir a nuestro estado, en un santuario para ellas\u201d, resalt\u00f3.<\/p>\n<p style=\"text-align: justify;\">En el marco del D\u00eda Internacional por la No Violencia contra las Mujeres y las Ni\u00f1as, la mandataria estatal tom\u00f3 protesta a los integrantes del Sistema Estatal para Prevenir, Atender, Sancionar y Erradicar la Violencia Contra las Mujeres, el cual suma al sector p\u00fablico y la sociedad civil para articular las estrategias y las pol\u00edticas transversales que deben de prevalecer en cada acci\u00f3n y programa del gobierno.<\/p>\n<p style=\"text-align: justify;\">Salgado Pineda destac\u00f3 la importancia de la capacitaci\u00f3n a los servidores p\u00fablicos, para erradicar cualquier clase de abuso o violencia hacia las mujeres en los centros de trabajo, as\u00ed como avanzar en el fortalecimiento de los Centros de Apoyo Interdisciplinarios para V\u00edctimas de Violencia, y el fortalecimiento de las Unidades de G\u00e9nero y de los observatorios ciudadanos.<\/p>\n<p style=\"text-align: justify;\">Ante los asistentes, la gobernadora manifest\u00f3 que el Sistema es un gran instrumento que se debe de tomar con toda la seriedad y compromiso por las ni\u00f1as y mujeres de Guerrero.<\/p>\n<p style=\"text-align: justify;\">\u201cS\u00f3lo de la mano, unidos sociedad, gobierno, nuestras comunidades ind\u00edgenas, es como se va a lograr la transformaci\u00f3n, no mediante la imposici\u00f3n, sino mediante el di\u00e1logo, mediante la concientizaci\u00f3n y sensibilidad con nuestros pueblos ind\u00edgenas y afromexicanos\u201d, resalt\u00f3.<\/p>\n<p style=\"text-align: justify;\">Al hacer uso de la palabra, la secretaria de la Mujer y secretaria Ejecutiva del Sistema, Violeta Pino Gir\u00f3n, habl\u00f3 de las facultades y las obligaciones del Sistema contempladas en la ley, \u201cnuestro marco normativo estatal prev\u00e9 garantizar el ejercicio pleno del derecho de las mujeres a una vida libre de violencia, educar en los derechos humanos a las mujeres en su lengua materna, asegurar la difusi\u00f3n y promoci\u00f3n de los derechos de las mujeres ind\u00edgenas con base en el reconocimiento de la composici\u00f3n pluricultural del estado\u201d.<\/p>\n<p style=\"text-align: justify;\">As\u00ed como, dijo, vigilar que los usos y costumbres de toda la sociedad no atenten contra los derechos humanos de las mujeres; promover en coordinaci\u00f3n con la federaci\u00f3n, la creaci\u00f3n de programas de reeducaci\u00f3n e inserci\u00f3n social con perspectiva de g\u00e9nero para agresores de mujeres; la coordinaci\u00f3n entre el gobierno estatal y los municipios donde se tendr\u00e1n que establecer los Sistemas Regionales para Prevenir, Atender, Sancionar y Erradicar la Violencia contra las Mujeres; celebrar convenios de cooperaci\u00f3n, coordinaci\u00f3n y concertaci\u00f3n en la materia; coadyuvar con las instituciones p\u00fablicas o privadas dedicadas a la atenci\u00f3n de v\u00edctimas y ejecutar medidas espec\u00edficas que sirvan de herramientas de acci\u00f3n para la prevenci\u00f3n, atenci\u00f3n y erradicaci\u00f3n de la violencia contra las mujeres en todos los \u00e1mbitos.<\/p>\n<p style=\"text-align: justify;\">El Sistema Estatal est\u00e1 conformado por las y los titulares de la Secretar\u00eda General de Gobierno, Secretar\u00eda de Desarrollo Social, Secretar\u00eda de Finanzas y Administraci\u00f3n, Secretar\u00eda de Seguridad P\u00fablica, Secretar\u00eda de Protecci\u00f3n Civil, Secretar\u00eda de Educaci\u00f3n, Secretar\u00eda de Salud, Secretar\u00eda de Fomento Tur\u00edstico, Secretar\u00eda de Asuntos Ind\u00edgenas, Secretaria de la Mujer, Secretar\u00eda de la Juventud, as\u00ed como el Sistema Estatal para el Desarrollo Integral de la Familia, la Procuradur\u00eda General de Justicia, el Congreso del Estado, el Tribunal Superior de Justicia, la Comisi\u00f3n de Defensa de los Derechos Humanos, el Consejo Estatal para Prevenir la Discriminaci\u00f3n; las instancias de atenci\u00f3n a las mujeres en los municipios; y las organizaciones civiles especializadas en derechos humanos de las mujeres.<\/p>\n<p style=\"text-align: justify;\">Asistieron la presidenta del DIF Guerrero, Liz Salgado Pineda; el magistrado presidente del Tribunal Superior de Justicia, Alberto L\u00f3pez Celis; el general Celestino \u00c1vila Astudillo, comandante de la Novena Regi\u00f3n Militar; la diputada Gabriela Bernal Res\u00e9ndiz, presidenta de la Comisi\u00f3n de G\u00e9nero del Congreso del estado; la presidenta de la Comisi\u00f3n Estatal de Derechos Humanos, Cecilia Narcizo Gait\u00e1n; secretarias y secretarios del gobierno del estado, organizaciones civiles, y presidentas y presidentes municipales.<\/p>\n<p style=\"text-align: justify;\">\n","protected":false},"excerpt":{"rendered":"<p>] CHILPANCINGO. * 25 de noviembre de 2021. ) Gobierno de Guerrero. No vamos a permitir que bajo el amparo de tradiciones, usos y costumbres se atente contra el desarrollo y bienestar de nuestras ni\u00f1as y mujeres en Guerrero, enfatiz\u00f3 la gobernadora Evelyn Salgado Pineda al presidir la XXXIX Sesi\u00f3n Ordinaria del Sistema Estatal para&#8230;<\/p>\n","protected":false},"author":2,"featured_media":1235090,"comment_status":"closed","ping_status":"closed","sticky":false,"template":"","format":"standard","meta":{"footnotes":""},"categories":[1983,18561],"tags":[7218,8251,9302],"class_list":["post-1235089","post","type-post","status-publish","format-standard","has-post-thumbnail","hentry","category-guerrerogob","category-society-politics","tag-dia-internacional-de-la-eliminacion-de-la-violencia-contra-la-mujer","tag-evelyn-salgado-pineda","tag-gobierno-de-guerrero"],"_links":{"self":[{"href":"https:\/\/www.acapulcopress.com\/index.php\/wp-json\/wp\/v2\/posts\/1235089","targetHints":{"allow":["GET"]}}],"collection":[{"href":"https:\/\/www.acapulcopress.com\/index.php\/wp-json\/wp\/v2\/posts"}],"about":[{"href":"https:\/\/www.acapulcopress.com\/index.php\/wp-json\/wp\/v2\/types\/post"}],"author":[{"embeddable":true,"href":"https:\/\/www.acapulcopress.com\/index.php\/wp-json\/wp\/v2\/users\/2"}],"replies":[{"embeddable":true,"href":"https:\/\/www.acapulcopress.com\/index.php\/wp-json\/wp\/v2\/comments?post=1235089"}],"version-history":[{"count":0,"href":"https:\/\/www.acapulcopress.com\/index.php\/wp-json\/wp\/v2\/posts\/1235089\/revisions"}],"wp:featuredmedia":[{"embeddable":true,"href":"https:\/\/www.acapulcopress.com\/index.php\/wp-json\/"}],"wp:attachment":[{"href":"https:\/\/www.acapulcopress.com\/index.php\/wp-json\/wp\/v2\/media?parent=1235089"}],"wp:term":[{"taxonomy":"category","embeddable":true,"href":"https:\/\/www.acapulcopress.com\/index.php\/wp-json\/wp\/v2\/categories?post=1235089"},{"taxonomy":"post_tag","embeddable":true,"href":"https:\/\/www.acapulcopress.com\/index.php\/wp-json\/wp\/v2\/tags?post=1235089"}],"curies":[{"name":"wp","href":"https:\/\/api.w.org\/{rel}","templated":true}]}}