{"id":1235095,"date":"2021-11-26T13:12:04","date_gmt":"2021-11-26T19:12:04","guid":{"rendered":"https:\/\/www.acapulco.press\/?p=1235095"},"modified":"2021-11-26T13:12:04","modified_gmt":"2021-11-26T19:12:04","slug":"gaby-bernal-pacta-unidad-legislativa-a-favor-del-empoderamiento-de-las-mujeres-guerrerenses","status":"publish","type":"post","link":"https:\/\/www.acapulcopress.com\/index.php\/2021\/11\/26\/gaby-bernal-pacta-unidad-legislativa-a-favor-del-empoderamiento-de-las-mujeres-guerrerenses\/","title":{"rendered":"Gaby Bernal pacta unidad legislativa a favor del empoderamiento de las mujeres guerrerenses"},"content":{"rendered":"<p style=\"text-align: justify;\"><strong>* En su calidad de President de la Comisi\u00f3n de Igualdad de la LXIII Legislatura guerrerense, Gaby Be<\/strong>rnal encabez\u00f3 el encendido de color naranja del edificio del Poder Legislativo, con motivo del D\u00eda Internacional de la Erradicaci\u00f3n de la Violencia contra la Mujer.<\/p>\n<p><img loading=\"lazy\" decoding=\"async\" class=\"alignnone wp-image-1235098 size-large\" src=\"https:\/\/www.acapulco.press\/wp-content\/uploads\/2021\/11\/Gaby-bernal2-840x472.jpeg\" alt=\"\" width=\"840\" height=\"472\" \/><\/p>\n<p>] CHILPANCINGO. * 26 de noviembre de 2021.<br \/>\n<em>) LXIII Legislatura.<\/em><\/p>\n<p style=\"text-align: justify;\"><img loading=\"lazy\" decoding=\"async\" class=\"alignleft size-medium wp-image-1235097\" src=\"https:\/\/www.acapulco.press\/wp-content\/uploads\/2021\/11\/Gaby-bernal-375x250.jpeg\" alt=\"\" width=\"375\" height=\"250\" \/>La presidenta de la Comisi\u00f3n de Igualdad de la LXIII Legislatura del Congreso del Estado de Guerrero, diputada Gabriela Bernal Res\u00e9ndiz, encabez\u00f3 este jueves el encendido de color naranja del recinto del Poder Legislativo, esto como parte de la agenda de 16 d\u00edas de activismo con motivo del D\u00eda Internacional de la Erradicaci\u00f3n de la Violencia contra la Mujer, el cual se conmemora el 25 de noviembre.<\/p>\n<p style=\"text-align: justify;\">En dicho evento, Gaby Bernal, destac\u00f3 que ya es una realidad la paridad de g\u00e9nero en el Congreso y como parte de la suma de esfuerzos encaminados a que las mujeres sigan empoder\u00e1ndose y defendiendo sus derechos, como presidente de la comisi\u00f3n de Igualdad, trabaja todos los d\u00edas y a todas horas, para que las guerrerenses pueda vivir libres y sin miedos.<\/p>\n<p style=\"text-align: justify;\">\u00abVivas, libres y sin miedo queremos a las mujeres guerrerenses\u00bb expres\u00f3 lan legisladora priista, quien junto a sus compa\u00f1eras diputadas locales, asegur\u00f3, han pactado trabajar unidas para erradicar la violencia contra las mujeres y ni\u00f1as.<\/p>\n<p style=\"text-align: justify;\">\u00abHoy, efectivamente somos m\u00e1s fuertes. Hoy no estamos solas, nos tenemos todas\u00bb, se\u00f1al\u00f3 Gaby Bernal, quien dijo tambi\u00e9n que para seguir fortaleciendo los esfuerzos por empoderar a la mujer pol\u00edtica, econ\u00f3mica y f\u00edsicamente, y as\u00ed puedan hacer frente a todas las formas de violencia en su contra, hace falta reeducar a los hombres social, cultural y comunitar\u00edamente, adem\u00e1s de continuar modificando la legislaci\u00f3n en la materia.<\/p>\n<p style=\"text-align: justify;\">Con el encendido de color naranja del edificio del Poder Legislativo, as\u00ed como de la presentaci\u00f3n del Violentometro, la Comisi\u00f3n para la Igualdad de G\u00e9nero, dio inicio a los 16 d\u00edas de activismo para la eliminaci\u00f3n de la violencia contra la mujer.<\/p>\n<p style=\"text-align: justify;\">Dichos actos, estuvieron encabezandos por la diputada presidenta del Congreso Flor A\u00f1orve, as\u00ed como las integrantes de la Comisi\u00f3n para Igualdad de G\u00e9nero, la cual preside Gaby Bernal, adem\u00e1s de las diputadas Leticia Mosso, Patricia Doroteo, Citlali Calixto, Beatriz Mojica, Jessica Rayo, Nora Vel\u00e1zquez y la representante de la Secretar\u00eda Estatal de la Mujer Arbelia Arteaga.<\/p>\n<p><img loading=\"lazy\" decoding=\"async\" class=\"alignnone wp-image-1235099 size-large\" src=\"https:\/\/www.acapulco.press\/wp-content\/uploads\/2021\/11\/Gaby-bernal3-840x560.jpeg\" alt=\"\" width=\"840\" height=\"560\" \/><\/p>\n<p style=\"text-align: justify;\">\n","protected":false},"excerpt":{"rendered":"<p>* En su calidad de President de la Comisi\u00f3n de Igualdad de la LXIII Legislatura guerrerense, Gaby Bernal encabez\u00f3 el encendido de color naranja del edificio del Poder Legislativo, con motivo del D\u00eda Internacional de la Erradicaci\u00f3n de la Violencia contra la Mujer. ] CHILPANCINGO. * 26 de noviembre de 2021. ) LXIII Legislatura. La&#8230;<\/p>\n","protected":false},"author":2,"featured_media":1235099,"comment_status":"closed","ping_status":"closed","sticky":false,"template":"","format":"standard","meta":{"footnotes":""},"categories":[1972,61,18561],"tags":[],"class_list":["post-1235095","post","type-post","status-publish","format-standard","has-post-thumbnail","hentry","category-special","category-legislacion","category-society-politics"],"_links":{"self":[{"href":"https:\/\/www.acapulcopress.com\/index.php\/wp-json\/wp\/v2\/posts\/1235095","targetHints":{"allow":["GET"]}}],"collection":[{"href":"https:\/\/www.acapulcopress.com\/index.php\/wp-json\/wp\/v2\/posts"}],"about":[{"href":"https:\/\/www.acapulcopress.com\/index.php\/wp-json\/wp\/v2\/types\/post"}],"author":[{"embeddable":true,"href":"https:\/\/www.acapulcopress.com\/index.php\/wp-json\/wp\/v2\/users\/2"}],"replies":[{"embeddable":true,"href":"https:\/\/www.acapulcopress.com\/index.php\/wp-json\/wp\/v2\/comments?post=1235095"}],"version-history":[{"count":0,"href":"https:\/\/www.acapulcopress.com\/index.php\/wp-json\/wp\/v2\/posts\/1235095\/revisions"}],"wp:featuredmedia":[{"embeddable":true,"href":"https:\/\/www.acapulcopress.com\/index.php\/wp-json\/"}],"wp:attachment":[{"href":"https:\/\/www.acapulcopress.com\/index.php\/wp-json\/wp\/v2\/media?parent=1235095"}],"wp:term":[{"taxonomy":"category","embeddable":true,"href":"https:\/\/www.acapulcopress.com\/index.php\/wp-json\/wp\/v2\/categories?post=1235095"},{"taxonomy":"post_tag","embeddable":true,"href":"https:\/\/www.acapulcopress.com\/index.php\/wp-json\/wp\/v2\/tags?post=1235095"}],"curies":[{"name":"wp","href":"https:\/\/api.w.org\/{rel}","templated":true}]}}