{"id":1235104,"date":"2021-11-26T18:36:25","date_gmt":"2021-11-27T00:36:25","guid":{"rendered":"https:\/\/www.acapulco.press\/?p=1235104"},"modified":"2021-11-26T18:36:25","modified_gmt":"2021-11-27T00:36:25","slug":"confirma-omss-otra-cepa-letal-de-covid","status":"publish","type":"post","link":"https:\/\/www.acapulcopress.com\/index.php\/2021\/11\/26\/confirma-omss-otra-cepa-letal-de-covid\/","title":{"rendered":"Confirma OMSS otra cepa letal de covid"},"content":{"rendered":"<p style=\"text-align: justify;\">] GINEBRA. * 26 de noviembre de 2021.<br \/>\n<em>) <a href=\"https:\/\/www.efesalud.com\/oms-determina-nueva-variante-sudafricana-riesgo-nombre-omicron\/\" target=\"_blank\" rel=\"noopener\">Efe<\/a>.<\/em><\/p>\n<p style=\"text-align: justify;\">Los expertos del Grupo Asesor en la Evoluci\u00f3n del Virus, reunidos de emergencia, alertaron que la aparici\u00f3n de esta variante, primero confirmada en un esp\u00e9cimen recolectado el 9 de noviembre, ha coincidido con un fuerte aumento de las infecciones en Sud\u00e1frica.<\/p>\n<p style=\"text-align: justify;\">La nueva variante, que ha llevado a muchos pa\u00edses a suspender los vuelos con \u00c1frica austral, preocupa por el alto n\u00famero de mutaciones que presenta, pues en apenas dos semanas se han detectado ya una treintena, con casos confirmados no s\u00f3lo en Sud\u00e1frica sino tambi\u00e9n en la vecina Botsuana, en Hong Kong (China) o en B\u00e9lgica.<\/p>\n<p style=\"text-align: justify;\">La OMS reconoce que algunas de las nuevas mutaciones de la variante omicr\u00f3n parecen sugerir una a\u00fan mayor capacidad de transmisi\u00f3n que cepas anteriores, con casos detectados \u201cen casi todas las provincias sudafricanas\u201d.<\/p>\n<p style=\"text-align: justify;\">\u201cLa variante se ha detectado a un ritmo m\u00e1s r\u00e1pido que en anteriores surgimientos en el n\u00famero de infecciones, lo que podr\u00eda indicar que tiene ventaja a la hora de propagarse\u201d, subrayaron los expertos de la OMS en un comunicado.<\/p>\n<p style=\"text-align: justify;\">No indicaron por ahora si la nueva variante es m\u00e1s o menos resistente a las vacunas anticovid, pero s\u00ed se\u00f1alaron que los test de diagn\u00f3stico de la enfermedad con PCR parecen seguir valiendo para detectarla.<\/p>\n<p style=\"text-align: justify;\">Las variantes de riesgo son seguidas de forma m\u00e1s intensa por la OMS y los laboratorios globales, y adem\u00e1s de la omicr\u00f3n hay otras cuatro: alfa (primero detectada en Reino Unido), beta (tambi\u00e9n en Sud\u00e1frica), gamma (Brasil) y delta (India).<\/p>\n<p style=\"text-align: justify;\">Estas variantes suelen estar asociadas a una mayor velocidad de transmisi\u00f3n, aunque en los \u00faltimos meses la delta, m\u00e1s contagiosa que las tres anteriormente detectadas, se convirti\u00f3 en la dominante, hasta el punto de que en los \u00faltimos an\u00e1lisis de laboratorio aparece presente en el 99,8 % de los nuevos casos globales.<\/p>\n<p style=\"text-align: justify;\">El grupo asesor de la OMS no emiti\u00f3 nuevas recomendaciones sobre limitaci\u00f3n a los viajes u otras medidas sanitarias preventivas, pero s\u00ed pidi\u00f3 a la comunidad cient\u00edfica internacional que contin\u00fae los trabajos de seguimiento de \u00e9sta y nuevas variantes.<\/p>\n<p style=\"text-align: justify;\">Adem\u00e1s, a nivel individual se recuerda la toma de medidas ya conocidas contra anteriores variantes, que incluyen el uso de mascarillas, la higiene de manos, el distanciamiento f\u00edsico, la buena ventilaci\u00f3n de interiores, evitar lugares muy concurridos y la misma vacunaci\u00f3n anticovid.<\/p>\n<p><strong>UE suspende vuelos a siete pa\u00edses del sur de \u00c1frica<\/strong><\/p>\n<p style=\"text-align: justify;\">Los pa\u00edses de la Uni\u00f3n Europea han acordado este viernes suspender los vuelos a siete pa\u00edses del sur de \u00c1frica debido a la nueva variante sudafricana del covid-19, informaron a EFE fuentes europeas.<\/p>\n<p style=\"text-align: justify;\">Se trata de Sud\u00e1frica, Lesotho, Botswana, Zimbabwe, Mozambique, Namibia y Eswatini, precisaron las fuentes.<\/p>\n<p style=\"text-align: justify;\"><strong>EMA a\u00fan no prev\u00e9 si habr\u00e1 que adaptar vacunas a la nueva cepa<\/strong><\/p>\n<p style=\"text-align: justify;\">La Agencia Europea de Medicamentos (EMA) considera \u201cprematuro\u201d prever si se necesitar\u00e1 adaptar las vacunas de la covid-19 \u201ccon una composici\u00f3n diferente\u201d para hacer frente a la nueva variante emergente de coronavirus, y subray\u00f3 que la actual informaci\u00f3n sobre el funcionamiento de esta cepa es \u201cinsuficiente\u201d.<\/p>\n<p style=\"text-align: justify;\">Una fuente de la EMA asegur\u00f3 a Efe que los datos que se conocen ahora sobre la conocida como variante sudafricana son \u201cinsuficientes para determinar si esta variante se va a propagar de manera significativa y en qu\u00e9 medida puede evadir la inmunidad recibida con las vacunas\u201d autorizadas en la Uni\u00f3n Europea (UE).<\/p>\n","protected":false},"excerpt":{"rendered":"<p>] GINEBRA. * 26 de noviembre de 2021. ) Efe. Los expertos del Grupo Asesor en la Evoluci\u00f3n del Virus, reunidos de emergencia, alertaron que la aparici\u00f3n de esta variante, primero confirmada en un esp\u00e9cimen recolectado el 9 de noviembre, ha coincidido con un fuerte aumento de las infecciones en Sud\u00e1frica. La nueva variante, que&#8230;<\/p>\n","protected":false},"author":2,"featured_media":1235105,"comment_status":"closed","ping_status":"closed","sticky":false,"template":"","format":"standard","meta":{"footnotes":""},"categories":[1972,1997],"tags":[6705,6808,13951],"class_list":["post-1235104","post","type-post","status-publish","format-standard","has-post-thumbnail","hentry","category-special","category-noticias-destacadas","tag-covid19","tag-cuarta-ola-de-covid19","tag-omicron"],"_links":{"self":[{"href":"https:\/\/www.acapulcopress.com\/index.php\/wp-json\/wp\/v2\/posts\/1235104","targetHints":{"allow":["GET"]}}],"collection":[{"href":"https:\/\/www.acapulcopress.com\/index.php\/wp-json\/wp\/v2\/posts"}],"about":[{"href":"https:\/\/www.acapulcopress.com\/index.php\/wp-json\/wp\/v2\/types\/post"}],"author":[{"embeddable":true,"href":"https:\/\/www.acapulcopress.com\/index.php\/wp-json\/wp\/v2\/users\/2"}],"replies":[{"embeddable":true,"href":"https:\/\/www.acapulcopress.com\/index.php\/wp-json\/wp\/v2\/comments?post=1235104"}],"version-history":[{"count":0,"href":"https:\/\/www.acapulcopress.com\/index.php\/wp-json\/wp\/v2\/posts\/1235104\/revisions"}],"wp:featuredmedia":[{"embeddable":true,"href":"https:\/\/www.acapulcopress.com\/index.php\/wp-json\/"}],"wp:attachment":[{"href":"https:\/\/www.acapulcopress.com\/index.php\/wp-json\/wp\/v2\/media?parent=1235104"}],"wp:term":[{"taxonomy":"category","embeddable":true,"href":"https:\/\/www.acapulcopress.com\/index.php\/wp-json\/wp\/v2\/categories?post=1235104"},{"taxonomy":"post_tag","embeddable":true,"href":"https:\/\/www.acapulcopress.com\/index.php\/wp-json\/wp\/v2\/tags?post=1235104"}],"curies":[{"name":"wp","href":"https:\/\/api.w.org\/{rel}","templated":true}]}}