{"id":1235110,"date":"2021-11-26T19:00:05","date_gmt":"2021-11-27T01:00:05","guid":{"rendered":"https:\/\/www.acapulco.press\/?p=1235110"},"modified":"2021-11-26T19:00:05","modified_gmt":"2021-11-27T01:00:05","slug":"seg-y-unicef-reactivan-cooperacion-educativa-internacional","status":"publish","type":"post","link":"https:\/\/www.acapulcopress.com\/index.php\/2021\/11\/26\/seg-y-unicef-reactivan-cooperacion-educativa-internacional\/","title":{"rendered":"SEG y Unicef reactivan cooperaci\u00f3n educativa internacional"},"content":{"rendered":"<p>] CHILPANCINGO. * 26 de noviembre de 2021.<br \/>\n<em>) SEG.<\/em><\/p>\n<p style=\"text-align: justify;\">Por indicaciones de la Gobernadora Evelyn Salgado Pineda, el secretario de Educaci\u00f3n en Guerrero, Marcial Rodriguez Salda\u00f1a, se reuni\u00f3 con el Delegado de UNICEF en la entidad, Luis Miguel Carvajal C\u00e1zares, para reactivar la cooperaci\u00f3n de este organismo internacional de la ONU, a efecto de fortalecer la educaci\u00f3n b\u00e1sica en el Estado.<\/p>\n<p style=\"text-align: justify;\">El titular de la SEG se\u00f1al\u00f3 que dicha reuni\u00f3n es en seguimiento a un encuentro que tuvo la Gobernadora Evelyn Salgado el pasado 11 de noviembre del presente a\u00f1o, con la representante adjunta de la UNICEF en M\u00e9xico, Presia Anfin Cabo, donde acordaron incrementar los trabajos de UNICEF en Guerrero.<\/p>\n","protected":false},"excerpt":{"rendered":"<p>] CHILPANCINGO. * 26 de noviembre de 2021. ) SEG. Por indicaciones de la Gobernadora Evelyn Salgado Pineda, el secretario de Educaci\u00f3n en Guerrero, Marcial Rodriguez Salda\u00f1a, se reuni\u00f3 con el Delegado de UNICEF en la entidad, Luis Miguel Carvajal C\u00e1zares, para reactivar la cooperaci\u00f3n de este organismo internacional de la ONU, a efecto de&#8230;<\/p>\n","protected":false},"author":2,"featured_media":1235111,"comment_status":"closed","ping_status":"closed","sticky":false,"template":"","format":"standard","meta":{"footnotes":""},"categories":[1969,2081],"tags":[12457,16169,16362],"class_list":["post-1235110","post","type-post","status-publish","format-standard","has-post-thumbnail","hentry","category-trending","category-seg","tag-marcial-rodriguez-saldana","tag-secretaria-de-educacion-guerrero-seg","tag-seg"],"_links":{"self":[{"href":"https:\/\/www.acapulcopress.com\/index.php\/wp-json\/wp\/v2\/posts\/1235110","targetHints":{"allow":["GET"]}}],"collection":[{"href":"https:\/\/www.acapulcopress.com\/index.php\/wp-json\/wp\/v2\/posts"}],"about":[{"href":"https:\/\/www.acapulcopress.com\/index.php\/wp-json\/wp\/v2\/types\/post"}],"author":[{"embeddable":true,"href":"https:\/\/www.acapulcopress.com\/index.php\/wp-json\/wp\/v2\/users\/2"}],"replies":[{"embeddable":true,"href":"https:\/\/www.acapulcopress.com\/index.php\/wp-json\/wp\/v2\/comments?post=1235110"}],"version-history":[{"count":0,"href":"https:\/\/www.acapulcopress.com\/index.php\/wp-json\/wp\/v2\/posts\/1235110\/revisions"}],"wp:featuredmedia":[{"embeddable":true,"href":"https:\/\/www.acapulcopress.com\/index.php\/wp-json\/"}],"wp:attachment":[{"href":"https:\/\/www.acapulcopress.com\/index.php\/wp-json\/wp\/v2\/media?parent=1235110"}],"wp:term":[{"taxonomy":"category","embeddable":true,"href":"https:\/\/www.acapulcopress.com\/index.php\/wp-json\/wp\/v2\/categories?post=1235110"},{"taxonomy":"post_tag","embeddable":true,"href":"https:\/\/www.acapulcopress.com\/index.php\/wp-json\/wp\/v2\/tags?post=1235110"}],"curies":[{"name":"wp","href":"https:\/\/api.w.org\/{rel}","templated":true}]}}