{"id":1235116,"date":"2021-11-26T20:27:40","date_gmt":"2021-11-27T02:27:40","guid":{"rendered":"https:\/\/www.acapulco.press\/?p=1235116"},"modified":"2021-11-26T20:27:40","modified_gmt":"2021-11-27T02:27:40","slug":"el-acoso-y-abuso-tambien-son-violencia-de-genero","status":"publish","type":"post","link":"https:\/\/www.acapulcopress.com\/index.php\/2021\/11\/26\/el-acoso-y-abuso-tambien-son-violencia-de-genero\/","title":{"rendered":"El acoso y abuso tambi\u00e9n son violencia de g\u00e9nero"},"content":{"rendered":"<p style=\"text-align: justify;\"><strong>E d i t o r i a l<\/strong><\/p>\n<p style=\"text-align: justify;\">Con motivo del D\u00eda Internacional de la Eliminaci\u00f3n de la Violencia contra la Mujer, la gobernadora Evelyn Salgado Pineda se proclam\u00f3 aliada de las mujeres. \u00ab\u00a1Ya no est\u00e1n solas!\u00bb, les dijo: \u00ab\u00bfSignifica que en su gobierno ahora s\u00ed habr\u00e1 justicia, tambi\u00e9n, para las v\u00edctimas de abuso y acoso sexual de su padre, el senador y &#8216;gobernador de facto&#8217;, F\u00e9lix Salgado Macedonio?\u00bb \u00a1Solo permitiendo que la acci\u00f3n penal estancada contra su padre, por un caso de \u00abviolaci\u00f3n sexual dolosa\u00bb, vigente en la Fiscal\u00eda General del Estado (FGE), siga su curso, podr\u00e1 la &#8216;Torita&#8217; revindicarse con las mujeres y convertir Guerrero en un \u00absantuario para ellas\u00bb!<br \/>\n<strong>www.acapulco.press<\/strong><\/p>\n","protected":false},"excerpt":{"rendered":"<p>E d i t o r i a l Con motivo del D\u00eda Internacional de la Eliminaci\u00f3n de la Violencia contra la Mujer, la gobernadora Evelyn Salgado Pineda se proclam\u00f3 aliada de las mujeres. \u00ab\u00a1Ya no est\u00e1n solas!\u00bb, les dijo: \u00ab\u00bfSignifica que en su gobierno ahora s\u00ed habr\u00e1 justicia, tambi\u00e9n, para las v\u00edctimas de abuso&#8230;<\/p>\n","protected":false},"author":2,"featured_media":1235096,"comment_status":"closed","ping_status":"closed","sticky":false,"template":"","format":"standard","meta":{"footnotes":""},"categories":[2048,1972,2008],"tags":[3116,3218,7218,8251,8467,17933],"class_list":["post-1235116","post","type-post","status-publish","format-standard","has-post-thumbnail","hentry","category-editorial-editorial","category-special","category-editorial","tag-abuso-sexual","tag-acoso-sexual","tag-dia-internacional-de-la-eliminacion-de-la-violencia-contra-la-mujer","tag-evelyn-salgado-pineda","tag-felix-salgado-macedonio","tag-violencia-de-genero"],"_links":{"self":[{"href":"https:\/\/www.acapulcopress.com\/index.php\/wp-json\/wp\/v2\/posts\/1235116","targetHints":{"allow":["GET"]}}],"collection":[{"href":"https:\/\/www.acapulcopress.com\/index.php\/wp-json\/wp\/v2\/posts"}],"about":[{"href":"https:\/\/www.acapulcopress.com\/index.php\/wp-json\/wp\/v2\/types\/post"}],"author":[{"embeddable":true,"href":"https:\/\/www.acapulcopress.com\/index.php\/wp-json\/wp\/v2\/users\/2"}],"replies":[{"embeddable":true,"href":"https:\/\/www.acapulcopress.com\/index.php\/wp-json\/wp\/v2\/comments?post=1235116"}],"version-history":[{"count":0,"href":"https:\/\/www.acapulcopress.com\/index.php\/wp-json\/wp\/v2\/posts\/1235116\/revisions"}],"wp:featuredmedia":[{"embeddable":true,"href":"https:\/\/www.acapulcopress.com\/index.php\/wp-json\/"}],"wp:attachment":[{"href":"https:\/\/www.acapulcopress.com\/index.php\/wp-json\/wp\/v2\/media?parent=1235116"}],"wp:term":[{"taxonomy":"category","embeddable":true,"href":"https:\/\/www.acapulcopress.com\/index.php\/wp-json\/wp\/v2\/categories?post=1235116"},{"taxonomy":"post_tag","embeddable":true,"href":"https:\/\/www.acapulcopress.com\/index.php\/wp-json\/wp\/v2\/tags?post=1235116"}],"curies":[{"name":"wp","href":"https:\/\/api.w.org\/{rel}","templated":true}]}}