{"id":1235127,"date":"2021-11-28T19:40:42","date_gmt":"2021-11-29T01:40:42","guid":{"rendered":"https:\/\/www.acapulco.press\/?p=1235127"},"modified":"2021-11-28T19:40:42","modified_gmt":"2021-11-29T01:40:42","slug":"martin-celis-el-mejor-candidato-a-fiscal-general-de-guerrero","status":"publish","type":"post","link":"https:\/\/www.acapulcopress.com\/index.php\/2021\/11\/28\/martin-celis-el-mejor-candidato-a-fiscal-general-de-guerrero\/","title":{"rendered":"Martin Celis, el mejor candidato a fiscal general de Guerrero"},"content":{"rendered":"<figure id=\"attachment_1235133\" aria-describedby=\"caption-attachment-1235133\" style=\"width: 840px\" class=\"wp-caption alignnone\"><img loading=\"lazy\" decoding=\"async\" class=\"wp-image-1235133 size-large\" src=\"https:\/\/www.acapulco.press\/wp-content\/uploads\/2021\/11\/IMG_1819-840x630.jpg\" alt=\"\" width=\"840\" height=\"630\" \/><figcaption id=\"caption-attachment-1235133\" class=\"wp-caption-text\"><strong>Mart\u00edn Celis Gonz\u00e1lez, aspirante a fiscal general de Guerrero.<\/strong><\/figcaption><\/figure>\n<p style=\"text-align: justify;\">] ACAPULCO. * 28 de noviembre de 2021.<br \/>\n<em>) Acapulco Press.<\/em><br \/>\nAbogado y Maestrante en Juicios Orales, con experiencia de 28 a\u00f1os en el ejercicio del Derecho, especiallista en Materia Penal, ex acad\u00e9mico en la Asignatura de <img loading=\"lazy\" decoding=\"async\" class=\"alignleft size-medium wp-image-1235132\" src=\"https:\/\/www.acapulco.press\/wp-content\/uploads\/2021\/11\/IMG_1814-375x500.jpg\" alt=\"\" width=\"375\" height=\"500\" \/>Derecho Procesal Penal y Penolog\u00eda en la Facultad de Derecho de la Universidad Nacional de M\u00e9xico (UNAM), ex Asesor de la Comisi\u00f3n de Seguridad y Justicia en el Senado de la Rep\u00fablica, Mart\u00edn Celis Gonz\u00e1lez, originario de Coyuca de Catal\u00e1n, es el \u00fanico candidato, de los 37 incristos, que seg\u00fan lo estipulado en los Art\u00edculos 112 y 112 de la Constituci\u00f3n Pol\u00edtica del Estado Libre y Sobrano de Guerrero re\u00fane al 100% los requisitos de la Convocatoria para Fiscal General del Estado de Guerrero.<\/p>\n<p style=\"text-align: justify;\">Su Plan de Trabajo, el cual contempla cinco ejes fundamentales para devolverle a la Fiscal\u00eda de Guerrero su autonom\u00eda y esencia como instituci\u00f3n garante de la impartici\u00f3n y procuraci\u00f3n de justicia en el Estado, es tambi\u00e9n uno de los pocos proyectos mejor elaborados, pues enarbolan los \u00abDerechos Humanos\u00bb, el \u00abCombate frontal a la corrupci\u00f3n\u00bb, el \u00abfortalecimieno, Evaluaci\u00f3n y Estrategia Institucional\u00bb de la dependencia, la \u00abParticipaci\u00f3n Ciudadana\u00bb y la \u00abParticipaci\u00f3n y Actuaci\u00f3n en la puesta en marcha de la Ley Federal para la Regulaci\u00f3n de la Cannabis\u00bb.<\/p>\n<p style=\"text-align: justify;\">Algo destacado de Celis Gonz\u00e1lez es su conocomiento f\u00edsico del todo el territorio guerrerense, en sus siete regiones; su calidad moral para hablar de cualquier tema relacionado con la impartici\u00f3n y procuraci\u00f3n de justicia y su vasto conocimiento del sistema penal local como nacional, adem\u00e1s de ser un jurista prestigiado, due\u00f1o de su propia firma de abogados, que no necesita ser un &#8216;buscachambas&#8217; para aspirar ser fiscal de Guerrero y, lo m\u00e1s importante, no cuenta con padrinazgos de ning\u00fan grupo pol\u00edtico que lo pueda condicionar o limitar para ejercer su funci\u00f3n de fiscal de manera plena y eficiente a favor de todos los guerrerenses.<\/p>\n<p style=\"text-align: justify;\">De los 37 candidatos inscritos a la fecha, Martin Celis Gonz\u00e1lez es, pues, no solo el mejor candidato para asumir la titularidad de la Fiscal\u00eda General del Estado, sino el \u00fanico que, de acuerdo a su perfil profesional y calidad moral que lo respalda, pues no hay antecendente penal que lo desacredite ni que obstaculice sus aspiraciones libres de ambiciones pol\u00edticas o de trabajo, m\u00e1s que la pasi\u00f3n de servir bien a Guerrero, tiene todo a su favor para ser el nuevo fiscal general del Estado.<\/p>\n<p style=\"text-align: justify;\"><code><iframe loading=\"lazy\" style=\"border: none; overflow: hidden;\" src=\"https:\/\/www.facebook.com\/plugins\/video.php?height=314&amp;href=https%3A%2F%2Fwww.facebook.com%2Fblancoangel.press%2Fvideos%2F311862140590809%2F&amp;show_text=true&amp;width=560&amp;t=0\" width=\"560\" height=\"429\" frameborder=\"0\" scrolling=\"no\" allowfullscreen=\"allowfullscreen\"><\/iframe><\/code><br \/>\nwww.acapulco.press<\/p>\n","protected":false},"excerpt":{"rendered":"<p>] ACAPULCO. * 28 de noviembre de 2021. ) Acapulco Press. Abogado y Maestrante en Juicios Orales, con experiencia de 28 a\u00f1os en el ejercicio del Derecho, especiallista en Materia Penal, ex acad\u00e9mico en la Asignatura de Derecho Procesal Penal y Penolog\u00eda en la Facultad de Derecho de la Universidad Nacional de M\u00e9xico (UNAM), ex&#8230;<\/p>\n","protected":false},"author":2,"featured_media":1235130,"comment_status":"closed","ping_status":"closed","sticky":false,"template":"","format":"standard","meta":{"footnotes":""},"categories":[1969,1972,2005],"tags":[8703,12750],"class_list":["post-1235127","post","type-post","status-publish","format-standard","has-post-thumbnail","hentry","category-trending","category-special","category-seguridad-y-justicia","tag-fiscalia-general-del-estado-de-guerrero-fge","tag-martin-celis-gonzalez"],"_links":{"self":[{"href":"https:\/\/www.acapulcopress.com\/index.php\/wp-json\/wp\/v2\/posts\/1235127","targetHints":{"allow":["GET"]}}],"collection":[{"href":"https:\/\/www.acapulcopress.com\/index.php\/wp-json\/wp\/v2\/posts"}],"about":[{"href":"https:\/\/www.acapulcopress.com\/index.php\/wp-json\/wp\/v2\/types\/post"}],"author":[{"embeddable":true,"href":"https:\/\/www.acapulcopress.com\/index.php\/wp-json\/wp\/v2\/users\/2"}],"replies":[{"embeddable":true,"href":"https:\/\/www.acapulcopress.com\/index.php\/wp-json\/wp\/v2\/comments?post=1235127"}],"version-history":[{"count":0,"href":"https:\/\/www.acapulcopress.com\/index.php\/wp-json\/wp\/v2\/posts\/1235127\/revisions"}],"wp:featuredmedia":[{"embeddable":true,"href":"https:\/\/www.acapulcopress.com\/index.php\/wp-json\/"}],"wp:attachment":[{"href":"https:\/\/www.acapulcopress.com\/index.php\/wp-json\/wp\/v2\/media?parent=1235127"}],"wp:term":[{"taxonomy":"category","embeddable":true,"href":"https:\/\/www.acapulcopress.com\/index.php\/wp-json\/wp\/v2\/categories?post=1235127"},{"taxonomy":"post_tag","embeddable":true,"href":"https:\/\/www.acapulcopress.com\/index.php\/wp-json\/wp\/v2\/tags?post=1235127"}],"curies":[{"name":"wp","href":"https:\/\/api.w.org\/{rel}","templated":true}]}}