{"id":1235138,"date":"2021-11-28T20:04:39","date_gmt":"2021-11-29T02:04:39","guid":{"rendered":"https:\/\/www.acapulco.press\/?p=1235138"},"modified":"2021-11-28T20:04:39","modified_gmt":"2021-11-29T02:04:39","slug":"exige-anorve-renuncia-de-gatell-por-irresponsables-declaraciones","status":"publish","type":"post","link":"https:\/\/www.acapulcopress.com\/index.php\/2021\/11\/28\/exige-anorve-renuncia-de-gatell-por-irresponsables-declaraciones\/","title":{"rendered":"Exige A\u00f1orve renuncia de Gatell por irresponsables declaraciones"},"content":{"rendered":"<p style=\"text-align: justify;\">] ACAPULCO. * 28 de noviembre de 2021.<br \/>\n<em>) Especial.<\/em><\/p>\n<p style=\"text-align: justify;\">El Senador de la Rep\u00fablica Manuel A\u00f1orve Ba\u00f1os, calific\u00f3 de irresponsables a las declaraciones que hizo el subsecretario de Salud Federal, Hugo L\u00f3pez-Gatell Ram\u00edrez, en torno a la reciente variante de Covid-19, por lo que insisti\u00f3 en que debe renunciar a su cargo en la Secretar\u00eda de Salud.<\/p>\n<p style=\"text-align: justify;\">A\u00f1orve Ba\u00f1os, dijo que durante todo este tiempo de pandemia, el funcionario federal ha minimizado los estragos que esta ha dejado en M\u00e9xico, por tal motivo, precis\u00f3 el Senador que la poblaci\u00f3n no puede esperar nada de \u00e9l con esta nueva variante.<\/p>\n<p style=\"text-align: justify;\">En su cuenta oficial de Twitter, L\u00f3pez-Gatell dijo que la nueva variante \u00d3micron es preocupante y que hay datos que indican que es de mayor transmisibilidad, pero que no se ha demostrado que sea m\u00e1s virulenta.<\/p>\n<p style=\"text-align: justify;\">Sin embargo, A\u00f1orve Ba\u00f1os, expres\u00f3 que en varios pa\u00edses del mundo se han reforzado las medidas preventivas, debido al alto nivel de contagio y propagaci\u00f3n en comparaci\u00f3n con otras variantes.<\/p>\n<p style=\"text-align: justify;\">Finalmente, el legislador, llam\u00f3 a la poblaci\u00f3n para que extremen cuidados y no bajen la guardia ante el Coronavirus, principalmente en esta temporada decembrina que ya se aproxima, a fin de evitar que aumenten los contagios en M\u00e9xico.<\/p>\n","protected":false},"excerpt":{"rendered":"<p>] ACAPULCO. * 28 de noviembre de 2021. ) Especial. El Senador de la Rep\u00fablica Manuel A\u00f1orve Ba\u00f1os, calific\u00f3 de irresponsables a las declaraciones que hizo el subsecretario de Salud Federal, Hugo L\u00f3pez-Gatell Ram\u00edrez, en torno a la reciente variante de Covid-19, por lo que insisti\u00f3 en que debe renunciar a su cargo en la&#8230;<\/p>\n","protected":false},"author":2,"featured_media":1235139,"comment_status":"closed","ping_status":"closed","sticky":false,"template":"","format":"standard","meta":{"footnotes":""},"categories":[61,18561],"tags":[9942,12366],"class_list":["post-1235138","post","type-post","status-publish","format-standard","has-post-thumbnail","hentry","category-legislacion","category-society-politics","tag-hugo-lopez-gatell-ramirez","tag-manuel-anorve-banos"],"_links":{"self":[{"href":"https:\/\/www.acapulcopress.com\/index.php\/wp-json\/wp\/v2\/posts\/1235138","targetHints":{"allow":["GET"]}}],"collection":[{"href":"https:\/\/www.acapulcopress.com\/index.php\/wp-json\/wp\/v2\/posts"}],"about":[{"href":"https:\/\/www.acapulcopress.com\/index.php\/wp-json\/wp\/v2\/types\/post"}],"author":[{"embeddable":true,"href":"https:\/\/www.acapulcopress.com\/index.php\/wp-json\/wp\/v2\/users\/2"}],"replies":[{"embeddable":true,"href":"https:\/\/www.acapulcopress.com\/index.php\/wp-json\/wp\/v2\/comments?post=1235138"}],"version-history":[{"count":0,"href":"https:\/\/www.acapulcopress.com\/index.php\/wp-json\/wp\/v2\/posts\/1235138\/revisions"}],"wp:featuredmedia":[{"embeddable":true,"href":"https:\/\/www.acapulcopress.com\/index.php\/wp-json\/"}],"wp:attachment":[{"href":"https:\/\/www.acapulcopress.com\/index.php\/wp-json\/wp\/v2\/media?parent=1235138"}],"wp:term":[{"taxonomy":"category","embeddable":true,"href":"https:\/\/www.acapulcopress.com\/index.php\/wp-json\/wp\/v2\/categories?post=1235138"},{"taxonomy":"post_tag","embeddable":true,"href":"https:\/\/www.acapulcopress.com\/index.php\/wp-json\/wp\/v2\/tags?post=1235138"}],"curies":[{"name":"wp","href":"https:\/\/api.w.org\/{rel}","templated":true}]}}