{"id":1235144,"date":"2021-11-29T18:50:39","date_gmt":"2021-11-30T00:50:39","guid":{"rendered":"https:\/\/www.acapulco.press\/?p=1235144"},"modified":"2021-11-29T18:50:39","modified_gmt":"2021-11-30T00:50:39","slug":"fge-logra-8-anos-de-carcel-para-dos-extorsionadores-y-50-para-tres-secuestradores","status":"publish","type":"post","link":"https:\/\/www.acapulcopress.com\/index.php\/2021\/11\/29\/fge-logra-8-anos-de-carcel-para-dos-extorsionadores-y-50-para-tres-secuestradores\/","title":{"rendered":"FGE logra 8 a\u00f1os de c\u00e1rcel para dos extorsionadores y 50 para tres secuestradores"},"content":{"rendered":"<p style=\"text-align: justify;\">] CHILPANCINGO. * 29 de noviembre de 2021.<br \/>\n<em>) FGE.<\/em><\/p>\n<p style=\"text-align: justify;\">Como responsables en la comisi\u00f3n del delito de extorsi\u00f3n agravada a sitio de transporte p\u00fablico en Acapulco, el Ministerio P\u00fablico adscrito a la Fiscal\u00eda Especializada contra el Secuestro, logr\u00f3 sentencia condenatoria de 8 a\u00f1os de prisi\u00f3n en contra de Juan Manuel \u00abN\u00bb y Luis Gustavo \u00abN\u00bb.<\/p>\n<p style=\"text-align: justify;\">Los hechos el 2 de enero de 2021 los imputados llegaron al lugar ostent\u00e1ndose como integrantes de grupo delincuencial y portando armas de fuego, para exigir una cantidad de dinero.<\/p>\n<p style=\"text-align: justify;\">En intervenci\u00f3n por la Fiscal\u00eda Especializada contra el Secuestro al momento de la entrega del dinero, se logr\u00f3 la detenci\u00f3n de Juan Manuel \u00abN\u00bb y Luis Gustavo \u00abN\u00bb, y el aseguramiento del dinero producto de la extorsi\u00f3n.<\/p>\n<p style=\"text-align: justify;\">Desahogado el proceso, el Juez de Control dict\u00f3 fallo condenatorio de 8 a\u00f1os de prisi\u00f3n, quedando internos en el Centro de Reinserci\u00f3n Social de Acapulco, Guerrero.<\/p>\n<p style=\"text-align: justify;\"><strong>50 A\u00d1OS A BANDA DE SECUESTRADORES<\/strong><\/p>\n<p style=\"text-align: justify;\">El Ministerio P\u00fablico adscrito a la Fiscal\u00eda Especializada contra el Secuestro logr\u00f3 sentencia condenatoria de 50 a\u00f1os de prisi\u00f3n en contra de Vicente \u00abN\u00bb, Fermin \u00abN\u00bb y Reyna \u00abN\u00bb, como responsables en la comisi\u00f3n del delito de secuestro agravado.<\/p>\n<p style=\"text-align: justify;\">Los imputados fueron sentenciados por lo sucedido el pasado 2 de octubre de 2018, cuando privaron de la libertad a la v\u00edctima en el momento de llegar a su lugar de trabajo, siendo trasladada a bordo de su propio veh\u00edculo para mantenerla en cautiverio, exigiendo una cantidad de dinero, hechos en la carpeta judicial C-103\/2018.<\/p>\n<p style=\"text-align: justify;\">El Ministerio P\u00fablico acredit\u00f3 el delito y el Tribunal de Enjuiciamiento penal dict\u00f3 fallo condenatorio en contra de los sentenciados a una pena privativa de su libertad de 50 a\u00f1os de prisi\u00f3n, y a pagar una multa correspondiente, quedando internos en el Centro de Reinserci\u00f3n Social de Chilpancingo.<\/p>\n<p style=\"text-align: justify;\"><img loading=\"lazy\" decoding=\"async\" class=\"alignnone wp-image-1235146 size-large\" src=\"https:\/\/www.acapulco.press\/wp-content\/uploads\/2021\/11\/fge-secuestradores-840x634.jpeg\" alt=\"\" width=\"840\" height=\"634\" \/><\/p>\n","protected":false},"excerpt":{"rendered":"<p>] CHILPANCINGO. * 29 de noviembre de 2021. ) FGE. Como responsables en la comisi\u00f3n del delito de extorsi\u00f3n agravada a sitio de transporte p\u00fablico en Acapulco, el Ministerio P\u00fablico adscrito a la Fiscal\u00eda Especializada contra el Secuestro, logr\u00f3 sentencia condenatoria de 8 a\u00f1os de prisi\u00f3n en contra de Juan Manuel \u00abN\u00bb y Luis Gustavo&#8230;<\/p>\n","protected":false},"author":2,"featured_media":1235145,"comment_status":"closed","ping_status":"closed","sticky":false,"template":"","format":"standard","meta":{"footnotes":""},"categories":[1969,2005],"tags":[8703,14737],"class_list":["post-1235144","post","type-post","status-publish","format-standard","has-post-thumbnail","hentry","category-trending","category-seguridad-y-justicia","tag-fiscalia-general-del-estado-de-guerrero-fge","tag-policia-ministerial-de-guerrero"],"_links":{"self":[{"href":"https:\/\/www.acapulcopress.com\/index.php\/wp-json\/wp\/v2\/posts\/1235144","targetHints":{"allow":["GET"]}}],"collection":[{"href":"https:\/\/www.acapulcopress.com\/index.php\/wp-json\/wp\/v2\/posts"}],"about":[{"href":"https:\/\/www.acapulcopress.com\/index.php\/wp-json\/wp\/v2\/types\/post"}],"author":[{"embeddable":true,"href":"https:\/\/www.acapulcopress.com\/index.php\/wp-json\/wp\/v2\/users\/2"}],"replies":[{"embeddable":true,"href":"https:\/\/www.acapulcopress.com\/index.php\/wp-json\/wp\/v2\/comments?post=1235144"}],"version-history":[{"count":0,"href":"https:\/\/www.acapulcopress.com\/index.php\/wp-json\/wp\/v2\/posts\/1235144\/revisions"}],"wp:featuredmedia":[{"embeddable":true,"href":"https:\/\/www.acapulcopress.com\/index.php\/wp-json\/"}],"wp:attachment":[{"href":"https:\/\/www.acapulcopress.com\/index.php\/wp-json\/wp\/v2\/media?parent=1235144"}],"wp:term":[{"taxonomy":"category","embeddable":true,"href":"https:\/\/www.acapulcopress.com\/index.php\/wp-json\/wp\/v2\/categories?post=1235144"},{"taxonomy":"post_tag","embeddable":true,"href":"https:\/\/www.acapulcopress.com\/index.php\/wp-json\/wp\/v2\/tags?post=1235144"}],"curies":[{"name":"wp","href":"https:\/\/api.w.org\/{rel}","templated":true}]}}