{"id":1235152,"date":"2021-11-29T19:57:37","date_gmt":"2021-11-30T01:57:37","guid":{"rendered":"https:\/\/www.acapulco.press\/?p=1235152"},"modified":"2021-11-29T19:57:37","modified_gmt":"2021-11-30T01:57:37","slug":"promueve-secretario-de-educacion-coordinacion-educativa-con-municipios","status":"publish","type":"post","link":"https:\/\/www.acapulcopress.com\/index.php\/2021\/11\/29\/promueve-secretario-de-educacion-coordinacion-educativa-con-municipios\/","title":{"rendered":"Promueve secretario de Educaci\u00f3n coordinaci\u00f3n educativa con municipios"},"content":{"rendered":"<p style=\"text-align: justify;\"><img loading=\"lazy\" decoding=\"async\" class=\"alignnone wp-image-1235154 size-large\" src=\"https:\/\/www.acapulco.press\/wp-content\/uploads\/2021\/11\/Miguel-Reyes-Patron-840x857.jpeg\" alt=\"\" width=\"840\" height=\"857\" \/><\/p>\n<p style=\"text-align: justify;\">] CHILPANCINGO. * 29 de noviembre de 2021.<br \/>\n) SEG.<br \/>\nEl secretario de Educaci\u00f3n en Guerrero, Marcial Rodr\u00edguez Salda\u00f1a, se reuni\u00f3 con los presidentes municipales de Olinal\u00e1, Miguel Reyes Patr\u00f3n, y de Huamuxtitl\u00e1n, Aurelio M\u00e9ndez Rosales, con quienes acord\u00f3 promover el fortalecimiento de la educaci\u00f3n en sus respectivos municipios.<\/p>\n<p style=\"text-align: justify;\">Rodr\u00edguez Salda\u00f1a se\u00f1al\u00f3 qu\u00e9 las indicaciones de la Gobernadora Evelyn Salgado Pineda son de establecer la m\u00e1xima coordinaci\u00f3n en este caso con los alcaldes, para impulsar la transformaci\u00f3n educativa en el Estado.<\/p>\n<p><img loading=\"lazy\" decoding=\"async\" class=\"alignnone wp-image-1235153 size-large\" src=\"https:\/\/www.acapulco.press\/wp-content\/uploads\/2021\/11\/Aurelio-Mendez-Rosales-840x736.jpeg\" alt=\"\" width=\"840\" height=\"736\" \/><\/p>\n","protected":false},"excerpt":{"rendered":"<p>] CHILPANCINGO. * 29 de noviembre de 2021. ) SEG. El secretario de Educaci\u00f3n en Guerrero, Marcial Rodr\u00edguez Salda\u00f1a, se reuni\u00f3 con los presidentes municipales de Olinal\u00e1, Miguel Reyes Patr\u00f3n, y de Huamuxtitl\u00e1n, Aurelio M\u00e9ndez Rosales, con quienes acord\u00f3 promover el fortalecimiento de la educaci\u00f3n en sus respectivos municipios. Rodr\u00edguez Salda\u00f1a se\u00f1al\u00f3 qu\u00e9 las indicaciones&#8230;<\/p>\n","protected":false},"author":2,"featured_media":1235153,"comment_status":"closed","ping_status":"closed","sticky":false,"template":"","format":"standard","meta":{"footnotes":""},"categories":[1969,2081],"tags":[12457,16169,16362],"class_list":["post-1235152","post","type-post","status-publish","format-standard","has-post-thumbnail","hentry","category-trending","category-seg","tag-marcial-rodriguez-saldana","tag-secretaria-de-educacion-guerrero-seg","tag-seg"],"_links":{"self":[{"href":"https:\/\/www.acapulcopress.com\/index.php\/wp-json\/wp\/v2\/posts\/1235152","targetHints":{"allow":["GET"]}}],"collection":[{"href":"https:\/\/www.acapulcopress.com\/index.php\/wp-json\/wp\/v2\/posts"}],"about":[{"href":"https:\/\/www.acapulcopress.com\/index.php\/wp-json\/wp\/v2\/types\/post"}],"author":[{"embeddable":true,"href":"https:\/\/www.acapulcopress.com\/index.php\/wp-json\/wp\/v2\/users\/2"}],"replies":[{"embeddable":true,"href":"https:\/\/www.acapulcopress.com\/index.php\/wp-json\/wp\/v2\/comments?post=1235152"}],"version-history":[{"count":0,"href":"https:\/\/www.acapulcopress.com\/index.php\/wp-json\/wp\/v2\/posts\/1235152\/revisions"}],"wp:featuredmedia":[{"embeddable":true,"href":"https:\/\/www.acapulcopress.com\/index.php\/wp-json\/"}],"wp:attachment":[{"href":"https:\/\/www.acapulcopress.com\/index.php\/wp-json\/wp\/v2\/media?parent=1235152"}],"wp:term":[{"taxonomy":"category","embeddable":true,"href":"https:\/\/www.acapulcopress.com\/index.php\/wp-json\/wp\/v2\/categories?post=1235152"},{"taxonomy":"post_tag","embeddable":true,"href":"https:\/\/www.acapulcopress.com\/index.php\/wp-json\/wp\/v2\/tags?post=1235152"}],"curies":[{"name":"wp","href":"https:\/\/api.w.org\/{rel}","templated":true}]}}