{"id":1235160,"date":"2021-11-29T22:03:27","date_gmt":"2021-11-30T04:03:27","guid":{"rendered":"https:\/\/www.acapulco.press\/?p=1235160"},"modified":"2021-11-29T22:03:27","modified_gmt":"2021-11-30T04:03:27","slug":"guerrero-gobierno-de-violadores","status":"publish","type":"post","link":"https:\/\/www.acapulcopress.com\/index.php\/2021\/11\/29\/guerrero-gobierno-de-violadores\/","title":{"rendered":"Guerrero | Gobierno de &#8216;violadores&#8217;"},"content":{"rendered":"<p style=\"text-align: justify;\">* Los Salgado: Violadores de leyes penales, de esatutos partidistas, de s\u00edmbolos patrios, de investiduras constitucionales&#8230; de todo un poco<br \/>\n* Evelyn Salgado, \u00bfde tal palo, tal astilla?<br \/>\n* A\u00fan si se trat\u00f3 de un mural con el que el autor intent\u00f3 congratularse con los \u2018gobernadores\u2019 de Guerrero, si agravia, si ofende, si pisotea alguna ley, la responsable constitucional del Poder Ejecutivo del Estado no debi\u00f3 avalarse ni haberse hecho p\u00fablico y oficial, como lo hizo la gobernadora al usarlo de fondo en un acto oficial.<\/p>\n<p style=\"text-align: justify;\"><em>Jiribilla Pol\u00edtica<\/em><br \/>\n] <strong>El Bujo Chiripero<br \/>\n<\/strong><em>) Acapulco Press\u00a0<\/em><\/p>\n<p style=\"text-align: justify;\">Cualquier alteraci\u00f3n a los S\u00edmbolos Patrios, ya sea de obra o de palabra, constituyen una violaci\u00f3n a la <a href=\"http:\/\/www.diputados.gob.mx\/LeyesBiblio\/pdf\/213_301118.pdf\" target=\"_blank\" rel=\"noopener\">\u00abLey sobre el Escudo, la Bandera y el Himno Nacionales<\/a>\u00ab, parafrasea el <strong>Art\u00edculo 191<\/strong> del<strong> C\u00f3digo Penal Federal<\/strong>&#8230; pero parace que a la gobernadora Evelyn Salgado Pineda le &#8216;vale&#8217; el respeto a este precepto legal de nuestros emblemas nacionales.<\/p>\n<p style=\"text-align: justify;\">La imagen habla por s\u00ed sola: La \u00abserpiente\u00bb en forma de \u00abS\u00bb, en honor al apellido Salgado, cobijada por el \u00ab\u00e1guila\u00bb, \u00a1no tiene &#8216;m&#8217;!<\/p>\n<p style=\"text-align: justify;\">\u00a1Solo falt\u00f3 que a las puntas las hojas de nopal le hubieran puesto cuernos!<\/p>\n<p style=\"text-align: justify;\">Esta falta de respeto a nuestros s\u00edmbolos y la Constituci\u00f3n solo denota que de &#8216;tal palo&#8217; sali\u00f3 la &#8216;astilla&#8217;.<\/p>\n<p style=\"text-align: justify;\">Aunque les arda a los chairos\/toristas, \u00ablo que se ve no se juzga\u00bb aunque, no obstane, la culpa sea compartida.<\/p>\n<p style=\"text-align: justify;\">Las sanciones por las infracciones cometidas al <strong>Art\u00edculo 56<\/strong> de la<strong>\u00a0<em>Ley sobre el escudo, la bandera e himno nacionales<\/em> <\/strong>por \u00ab<strong>alterar o modificar las caracter\u00edsticas de la Bandera Nacional<\/strong>\u00ab, que van desde la \u00ab<strong>amonestaci\u00f3n con apercibimiento, a la multa de hasta diez mil veces el valor de la Unidad de Medida y Actualizaci\u00f3n al momento de cometerse la infracci\u00f3n o, incluso, arresto de 36 horas<\/strong>\u00ab, deber\u00e1n aplicarse tanto a la gobernadora Evelyn Salgado Pineda, por haber develado ufanamente el mural que la idolatra y que us\u00f3 como fondo en un acto oficial, como al Comandante de la IX Regi\u00f3n Militar, Celestino \u00c1vila Astudillo, pues dicha &#8216;obra de arte&#8217; fue develada en las instalaciones del 27 Batall\u00f3n de Infanter\u00eda, con sede en Iguala, donde la titular del Poder Ejecutivo de Guerrero celebr\u00f3 la sesi\u00f3n ordinadia de la <em>Mesa para la Construcci\u00f3n de la Paz<\/em>, la ma\u00f1ana de este martes 29 de noviembre.<\/p>\n<p style=\"text-align: justify;\">Lo dice claro el Art\u00edculo 5 de la citada ley: \u00abToda reproducci\u00f3n del Escudo Nacional deber\u00e1 corresponder fielmente al modelo a que se refiere el Art\u00edculo 2o. de esta Ley, el cual no podr\u00e1 variarse o alterarse bajo ninguna circunstancia\u00bb. Y aunque las Autoridades podr\u00e1n hacer uso oficial del Escudo Nacional sin autorizaci\u00f3n de la Secretar\u00eda de Gobernaci\u00f3n, \u00ablas Instituciones y personas f\u00edsicas\u00bb, podr\u00e1n hacerlo \u00abapeg\u00e1ndose estrictamente a lo establecido en los art\u00edculos 2o. y 5o. de la presente Ley\u00bb, es decir, \u00abpodr\u00e1n reproducir el Escudo Nacional cuando contribuya al culto y respeto de dicho S\u00edmbolo Patrio (no a la imagen p\u00e9rsonal de ning\u00fan gobernante o pol\u00edtico), as\u00ed como a difundir su origen, historia y significado\u00bb.<\/p>\n<p style=\"text-align: justify;\">\u00a1No queda ninguna duda que Los Salgado se brincan las leyes como si fueran cercas!<\/p>\n<p style=\"text-align: justify;\">\u00bfQu\u00e9 sigue por modificar?<\/p>\n<p style=\"text-align: justify;\">\u00bfAl Escudo de Guerrero le suprimir\u00e1n al guerrero jaguar y colocar\u00e1n una cabeza de toro o en lugar del &#8216;macuahuitl&#8217; al guerrero le pondr\u00e1n en la diestra una \u00abT\u00bb, en honor a la pareja vacuna que gobierna el Estado? \u00bfO al estilo de la pel\u00edcula &#8216;La Ley de Herodes&#8217; modificar\u00e1n la Constituci\u00f3n Pol\u00edtica del Estado Libre y Sobreano de Guerrero a modo o el C\u00f3digo Penal del Estado para que todos sus actos sean impunes, como los delitos sexuales del llamado &#8216;gobernador de facto&#8217;, a\u00fan bajo investigaci\u00f3n penal?<\/p>\n<p style=\"text-align: justify;\">. . .<\/p>\n<p style=\"text-align: justify;\">Si los que deben respetar las leyes son los primeros en pisotearlas, \u00bfqui\u00e9n garantizar\u00e1 ahora el respeto a la ley y la justicia en Guerrero?<br \/>\nLos Salgado: \u00bf&#8217;violadores&#8217; consumados, acaso?<\/p>\n<p style=\"text-align: justify;\">He ah\u00ed el dilema.<\/p>\n<p style=\"text-align: justify;\">\u00a1Quien salga a su defensa ser\u00e1 porque abriga la misma moral y principios de sus defendidos! Esta aberraci\u00f3n, esta autoidolatr\u00eda y egolatr\u00eda; este pisoteo, esta falta de respeto, no tiene defensa.<br \/>\n<strong>www.acapulco.press<\/strong><\/p>\n","protected":false},"excerpt":{"rendered":"<p>* Los Salgado: Violadores de leyes penales, de esatutos partidistas, de s\u00edmbolos patrios, de investiduras constitucionales&#8230; de todo un poco * Evelyn Salgado, \u00bfde tal palo, tal astilla? * A\u00fan si se trat\u00f3 de un mural con el que el autor intent\u00f3 congratularse con los \u2018gobernadores\u2019 de Guerrero, si agravia, si ofende, si pisotea alguna&#8230;<\/p>\n","protected":false},"author":2,"featured_media":1235177,"comment_status":"closed","ping_status":"closed","sticky":false,"template":"","format":"standard","meta":{"footnotes":""},"categories":[1972,1997,2069,2008],"tags":[8251,8467,9302],"class_list":["post-1235160","post","type-post","status-publish","format-standard","has-post-thumbnail","hentry","category-special","category-noticias-destacadas","category-a-contraluz","category-editorial","tag-evelyn-salgado-pineda","tag-felix-salgado-macedonio","tag-gobierno-de-guerrero"],"_links":{"self":[{"href":"https:\/\/www.acapulcopress.com\/index.php\/wp-json\/wp\/v2\/posts\/1235160","targetHints":{"allow":["GET"]}}],"collection":[{"href":"https:\/\/www.acapulcopress.com\/index.php\/wp-json\/wp\/v2\/posts"}],"about":[{"href":"https:\/\/www.acapulcopress.com\/index.php\/wp-json\/wp\/v2\/types\/post"}],"author":[{"embeddable":true,"href":"https:\/\/www.acapulcopress.com\/index.php\/wp-json\/wp\/v2\/users\/2"}],"replies":[{"embeddable":true,"href":"https:\/\/www.acapulcopress.com\/index.php\/wp-json\/wp\/v2\/comments?post=1235160"}],"version-history":[{"count":0,"href":"https:\/\/www.acapulcopress.com\/index.php\/wp-json\/wp\/v2\/posts\/1235160\/revisions"}],"wp:featuredmedia":[{"embeddable":true,"href":"https:\/\/www.acapulcopress.com\/index.php\/wp-json\/"}],"wp:attachment":[{"href":"https:\/\/www.acapulcopress.com\/index.php\/wp-json\/wp\/v2\/media?parent=1235160"}],"wp:term":[{"taxonomy":"category","embeddable":true,"href":"https:\/\/www.acapulcopress.com\/index.php\/wp-json\/wp\/v2\/categories?post=1235160"},{"taxonomy":"post_tag","embeddable":true,"href":"https:\/\/www.acapulcopress.com\/index.php\/wp-json\/wp\/v2\/tags?post=1235160"}],"curies":[{"name":"wp","href":"https:\/\/api.w.org\/{rel}","templated":true}]}}