{"id":1235169,"date":"2021-11-30T12:13:35","date_gmt":"2021-11-30T18:13:35","guid":{"rendered":"https:\/\/www.acapulco.press\/?p=1235169"},"modified":"2021-11-30T12:13:35","modified_gmt":"2021-11-30T18:13:35","slug":"instruye-secretario-de-educacion-revisar-y-revocar-plazas-irregulares-en-la-seg","status":"publish","type":"post","link":"https:\/\/www.acapulcopress.com\/index.php\/2021\/11\/30\/instruye-secretario-de-educacion-revisar-y-revocar-plazas-irregulares-en-la-seg\/","title":{"rendered":"Instruye secretario de Educaci\u00f3n revisar y revocar plazas irregulares en la SEG"},"content":{"rendered":"<p style=\"text-align: justify;\">] CHILPANCINGO. * 30 de noviembre de 2021.<br \/>\n<em>) SEG.<br \/>\n<\/em>El Secretario de Educaci\u00f3n en Guerrero, Marcial Rodr\u00edguez Salda\u00f1a, indic\u00f3 que desde que inici\u00f3 esta administraci\u00f3n instruy\u00f3 a que se revisen y, en su caso, se revoquen las plazas que hayan sido otorgadas de forma irregular, conforme a las\u00a0instrucciones de la gobernadora\u00a0 Evelyn Salgado Pineda, de combatir todos los actos de corrupci\u00f3n, los cuales tambi\u00e9n ser\u00e1n combatidos en el sector educativo de Guerrero.<\/p>\n<figure id=\"attachment_1235170\" aria-describedby=\"caption-attachment-1235170\" style=\"width: 840px\" class=\"wp-caption alignnone\"><img loading=\"lazy\" decoding=\"async\" class=\"wp-image-1235170 \" src=\"https:\/\/www.acapulco.press\/wp-content\/uploads\/2021\/11\/marcial-seg-1.jpg\" alt=\"\" width=\"840\" height=\"1311\" \/><figcaption id=\"caption-attachment-1235170\" class=\"wp-caption-text\">Dr. Marcial Rodr\u00edguez Salda\u00f1a | Secretario de Educaci\u00f3n en Guerrero.<\/figcaption><\/figure>\n<p style=\"text-align: justify;\">\n","protected":false},"excerpt":{"rendered":"<p>] CHILPANCINGO. * 30 de noviembre de 2021. ) SEG. El Secretario de Educaci\u00f3n en Guerrero, Marcial Rodr\u00edguez Salda\u00f1a, indic\u00f3 que desde que inici\u00f3 esta administraci\u00f3n instruy\u00f3 a que se revisen y, en su caso, se revoquen las plazas que hayan sido otorgadas de forma irregular, conforme a las\u00a0instrucciones de la gobernadora\u00a0 Evelyn Salgado Pineda,&#8230;<\/p>\n","protected":false},"author":2,"featured_media":1235171,"comment_status":"closed","ping_status":"closed","sticky":false,"template":"","format":"standard","meta":{"footnotes":""},"categories":[1969,2081],"tags":[12457,16169,16362],"class_list":["post-1235169","post","type-post","status-publish","format-standard","has-post-thumbnail","hentry","category-trending","category-seg","tag-marcial-rodriguez-saldana","tag-secretaria-de-educacion-guerrero-seg","tag-seg"],"_links":{"self":[{"href":"https:\/\/www.acapulcopress.com\/index.php\/wp-json\/wp\/v2\/posts\/1235169","targetHints":{"allow":["GET"]}}],"collection":[{"href":"https:\/\/www.acapulcopress.com\/index.php\/wp-json\/wp\/v2\/posts"}],"about":[{"href":"https:\/\/www.acapulcopress.com\/index.php\/wp-json\/wp\/v2\/types\/post"}],"author":[{"embeddable":true,"href":"https:\/\/www.acapulcopress.com\/index.php\/wp-json\/wp\/v2\/users\/2"}],"replies":[{"embeddable":true,"href":"https:\/\/www.acapulcopress.com\/index.php\/wp-json\/wp\/v2\/comments?post=1235169"}],"version-history":[{"count":0,"href":"https:\/\/www.acapulcopress.com\/index.php\/wp-json\/wp\/v2\/posts\/1235169\/revisions"}],"wp:featuredmedia":[{"embeddable":true,"href":"https:\/\/www.acapulcopress.com\/index.php\/wp-json\/"}],"wp:attachment":[{"href":"https:\/\/www.acapulcopress.com\/index.php\/wp-json\/wp\/v2\/media?parent=1235169"}],"wp:term":[{"taxonomy":"category","embeddable":true,"href":"https:\/\/www.acapulcopress.com\/index.php\/wp-json\/wp\/v2\/categories?post=1235169"},{"taxonomy":"post_tag","embeddable":true,"href":"https:\/\/www.acapulcopress.com\/index.php\/wp-json\/wp\/v2\/tags?post=1235169"}],"curies":[{"name":"wp","href":"https:\/\/api.w.org\/{rel}","templated":true}]}}