{"id":1235182,"date":"2021-11-30T19:07:00","date_gmt":"2021-12-01T01:07:00","guid":{"rendered":"https:\/\/www.acapulco.press\/?p=1235182"},"modified":"2021-11-30T19:07:00","modified_gmt":"2021-12-01T01:07:00","slug":"gobernadora-niega-modificacion-de-escudo","status":"publish","type":"post","link":"https:\/\/www.acapulcopress.com\/index.php\/2021\/11\/30\/gobernadora-niega-modificacion-de-escudo\/","title":{"rendered":"Evelyn niega modificaci\u00f3n del Escudo"},"content":{"rendered":"<p style=\"text-align: justify;\">] CHILPANCINGO. * 30 de noviembre de 2021.<br \/>\n<em>) Acapulco Press.<\/em><\/p>\n<div class=\"\" style=\"text-align: justify;\" data-block=\"true\" data-editor=\"av8aj\" data-offset-key=\"e443v-0-0\">\n<div class=\"_1mf _1mj\" data-offset-key=\"e443v-0-0\"><span data-offset-key=\"e443v-0-0\">La gobernadora Evelyn Salgado se deslind\u00f3 hoy de la modificaci\u00f3n del Escudo Nacional que sirvi\u00f3 de fondo ayer para la tramisi\u00f3n de la sesi\u00f3n de la Mesa para la Construcci\u00f3n de la Paz desde Iguala. <\/span><\/div>\n<\/div>\n<div class=\"\" style=\"text-align: justify;\" data-block=\"true\" data-editor=\"av8aj\" data-offset-key=\"ft76b-0-0\">\n<div class=\"_1mf _1mj\" data-offset-key=\"ft76b-0-0\"><span data-offset-key=\"ft76b-0-0\">\u00a0<\/span><\/div>\n<\/div>\n<div class=\"\" style=\"text-align: justify;\" data-block=\"true\" data-editor=\"av8aj\" data-offset-key=\"98f8n-0-0\">\n<div class=\"_1mf _1mj\" data-offset-key=\"98f8n-0-0\"><span data-offset-key=\"98f8n-0-0\">\u00a1Es la imaginaci\u00f3n de los &#8216;periodistas resentidos&#8217; con la familia Salgado los que la &#8216;atacan&#8217; y vinculan la serpiente en forma de \u00abS\u00bb a los Salgado!, dice. La obra es autor\u00eda de <img loading=\"lazy\" decoding=\"async\" class=\"alignleft size-medium wp-image-1235184\" src=\"https:\/\/www.acapulco.press\/wp-content\/uploads\/2021\/11\/ESCUDO-SALGADO-375x384.jpg\" alt=\"\" width=\"375\" height=\"384\" \/>artistas de Pilcaya, quienes la donaron a la Comandancia de la IX Regi\u00f3n Militar, no a la familia Salgado ni al Gobierno del Estado; ella &#8216;solo acudi\u00f3 a develarla&#8217;, sostiene.<\/span><\/div>\n<\/div>\n<p style=\"text-align: justify;\">A trav\u00e9s de un comunicado que periodistas afines al Gobierno del Estado hicieron viral en redes sociales, Salgado Pineda precis\u00f3 que el susodicho emblema modificado \u00abes una escultura que fue obsequiada por artistas de Pilcaya al 27 Batall\u00f3n de Infanter\u00eda ubicado en Iguala de la Independencia\u00bb. Ella solo \u00abrealiz\u00f3 la develaci\u00f3n de la obra art\u00edstica el d\u00eda de ayer lunes, previo al inicio de la sesi\u00f3n de la Mesa de la Paz, por invitaci\u00f3n del Comandante de la Novena Regi\u00f3n Militar, el General Celestino \u00c1vila Astudillo\u00bb. Adem\u00e1s, precis\u00f3 que \u00abla pol\u00e9mica obra no guarda ning\u00fan tipo de relaci\u00f3n con ella o con su familia, ya que no fue realizada en su honor\u00bb.<\/p>\n<p style=\"text-align: justify;\">Entre las conjeturas expiatorias, el panfleto sostiene que \u00abla pol\u00e9mica en redes sociales (surgi\u00f3) apenas dos d\u00edas despu\u00e9s de que el ex gobernador del estado, H\u00e9ctor Astudillo Flores, hiciera una reaparici\u00f3n p\u00fablica en compa\u00f1\u00eda de la estructura pri\u00edsta de la entidad, en claro mensaje de desaf\u00edo a quienes piensan que el PRI est\u00e1 debilitado\u00bb.<\/p>\n<p style=\"text-align: justify;\">Sobre \u00abla supuesta &#8216;S&#8217; que forma la figura de la serpiente en la escultura\u00bb, suscribi\u00f3 que \u00abes parte de (la imaginaci\u00f3n) de aquellos periodistas resentidos con la familia Salgado\u00bb.<\/p>\n<p style=\"text-align: justify;\">Finalmente, se responsabiliz\u00f3 al periodista Carlos Ortiz Moreno, a quien acusan de \u00abperiodista de cepa pri\u00edsta\u00bb, como \u00abiniciador del &#8216;<a href=\"https:\/\/www.acapulco.press\/special\/guerrero-gobierno-de-violadores\/\" target=\"_blank\" rel=\"noopener\">Ataque organizado<\/a>&#8216; en redes sociales\u00bb, seg\u00fan delaci\u00f3n de algunos periodistas. No obstante, el comunicado alude directamente a \u00abla mano del partido tricolor\u00bb como el autor intelectual de la \u00abcampa\u00f1a de desinformaci\u00f3n que escal\u00f3 a medios nacionales\u00bb.<\/p>\n<div style=\"width: 640px;\" class=\"wp-video\"><video class=\"wp-video-shortcode\" id=\"video-1235182-1\" width=\"640\" height=\"352\" preload=\"metadata\" controls=\"controls\"><source type=\"video\/mp4\" src=\"https:\/\/www.acapulco.press\/wp-content\/uploads\/2021\/11\/EVELYN-ESCUDO-NACIONAL.mp4?_=1\" \/><a href=\"https:\/\/www.acapulco.press\/wp-content\/uploads\/2021\/11\/EVELYN-ESCUDO-NACIONAL.mp4\">https:\/\/www.acapulco.press\/wp-content\/uploads\/2021\/11\/EVELYN-ESCUDO-NACIONAL.mp4<\/a><\/video><\/div>\n<p style=\"text-align: justify;\"><strong>www.acapulco.press<\/strong><\/p>\n","protected":false},"excerpt":{"rendered":"<p>] CHILPANCINGO. * 30 de noviembre de 2021. ) Acapulco Press. La gobernadora Evelyn Salgado se deslind\u00f3 hoy de la modificaci\u00f3n del Escudo Nacional que sirvi\u00f3 de fondo ayer para la tramisi\u00f3n de la sesi\u00f3n de la Mesa para la Construcci\u00f3n de la Paz desde Iguala. \u00a0 \u00a1Es la imaginaci\u00f3n de los &#8216;periodistas resentidos&#8217; con&#8230;<\/p>\n","protected":false},"author":2,"featured_media":1235193,"comment_status":"closed","ping_status":"closed","sticky":false,"template":"","format":"standard","meta":{"footnotes":""},"categories":[1972,1997],"tags":[],"class_list":["post-1235182","post","type-post","status-publish","format-standard","has-post-thumbnail","hentry","category-special","category-noticias-destacadas"],"_links":{"self":[{"href":"https:\/\/www.acapulcopress.com\/index.php\/wp-json\/wp\/v2\/posts\/1235182","targetHints":{"allow":["GET"]}}],"collection":[{"href":"https:\/\/www.acapulcopress.com\/index.php\/wp-json\/wp\/v2\/posts"}],"about":[{"href":"https:\/\/www.acapulcopress.com\/index.php\/wp-json\/wp\/v2\/types\/post"}],"author":[{"embeddable":true,"href":"https:\/\/www.acapulcopress.com\/index.php\/wp-json\/wp\/v2\/users\/2"}],"replies":[{"embeddable":true,"href":"https:\/\/www.acapulcopress.com\/index.php\/wp-json\/wp\/v2\/comments?post=1235182"}],"version-history":[{"count":0,"href":"https:\/\/www.acapulcopress.com\/index.php\/wp-json\/wp\/v2\/posts\/1235182\/revisions"}],"wp:featuredmedia":[{"embeddable":true,"href":"https:\/\/www.acapulcopress.com\/index.php\/wp-json\/"}],"wp:attachment":[{"href":"https:\/\/www.acapulcopress.com\/index.php\/wp-json\/wp\/v2\/media?parent=1235182"}],"wp:term":[{"taxonomy":"category","embeddable":true,"href":"https:\/\/www.acapulcopress.com\/index.php\/wp-json\/wp\/v2\/categories?post=1235182"},{"taxonomy":"post_tag","embeddable":true,"href":"https:\/\/www.acapulcopress.com\/index.php\/wp-json\/wp\/v2\/tags?post=1235182"}],"curies":[{"name":"wp","href":"https:\/\/api.w.org\/{rel}","templated":true}]}}