{"id":1235209,"date":"2021-12-01T12:12:00","date_gmt":"2021-12-01T18:12:00","guid":{"rendered":"https:\/\/www.acapulco.press\/?p=1235209"},"modified":"2021-12-01T12:12:00","modified_gmt":"2021-12-01T18:12:00","slug":"atiende-secretario-de-educacion-a-miembros-del-fedeeg","status":"publish","type":"post","link":"https:\/\/www.acapulcopress.com\/index.php\/2021\/12\/01\/atiende-secretario-de-educacion-a-miembros-del-fedeeg\/","title":{"rendered":"Atiende secretario de Educaci\u00f3n a miembros del Fedeeg"},"content":{"rendered":"<p>] CHILPANCINGO. * 1\u00a0de diciembre de 2021.<br \/>\n<em>) SEG.<\/em><\/p>\n<p style=\"text-align: justify;\">El titular de la Secretar\u00eda de Educaci\u00f3n en Guerrero (SEG), Marcial Rodr\u00edguez Salda\u00f1a, atendi\u00f3 a integrantes del Frente de Directores Encargados del Estado de Guerrero (Fedeeg), encabezados por Luis Vargas Guti\u00e9rrez, con quienes instal\u00f3 una mesa de trabajo y les mencion\u00f3\u00a0que durante su administraci\u00f3n la SEG se aperagr\u00e1 estrictamente a las indicaciones de la gobernadora Evelyn Salgado Pineda, que son mantener di\u00e1logo abierto con todo el sector educativo.<\/p>\n<p><img loading=\"lazy\" decoding=\"async\" class=\"alignnone wp-image-1235211 size-large\" src=\"https:\/\/www.acapulco.press\/wp-content\/uploads\/2021\/12\/seg-840x461.jpeg\" alt=\"\" width=\"840\" height=\"461\" \/><\/p>\n","protected":false},"excerpt":{"rendered":"<p>] CHILPANCINGO. * 1\u00a0de diciembre de 2021. ) SEG. El titular de la Secretar\u00eda de Educaci\u00f3n en Guerrero (SEG), Marcial Rodr\u00edguez Salda\u00f1a, atendi\u00f3 a integrantes del Frente de Directores Encargados del Estado de Guerrero (Fedeeg), encabezados por Luis Vargas Guti\u00e9rrez, con quienes instal\u00f3 una mesa de trabajo y les mencion\u00f3\u00a0que durante su administraci\u00f3n la SEG&#8230;<\/p>\n","protected":false},"author":2,"featured_media":1235211,"comment_status":"closed","ping_status":"closed","sticky":false,"template":"","format":"standard","meta":{"footnotes":""},"categories":[1969,2081],"tags":[7541,8937,12457],"class_list":["post-1235209","post","type-post","status-publish","format-standard","has-post-thumbnail","hentry","category-trending","category-seg","tag-ecretaria-de-educacion-en-guerrero-seg","tag-frente-de-directores-encargados-del-estado-de-guerrero-fedeeg","tag-marcial-rodriguez-saldana"],"_links":{"self":[{"href":"https:\/\/www.acapulcopress.com\/index.php\/wp-json\/wp\/v2\/posts\/1235209","targetHints":{"allow":["GET"]}}],"collection":[{"href":"https:\/\/www.acapulcopress.com\/index.php\/wp-json\/wp\/v2\/posts"}],"about":[{"href":"https:\/\/www.acapulcopress.com\/index.php\/wp-json\/wp\/v2\/types\/post"}],"author":[{"embeddable":true,"href":"https:\/\/www.acapulcopress.com\/index.php\/wp-json\/wp\/v2\/users\/2"}],"replies":[{"embeddable":true,"href":"https:\/\/www.acapulcopress.com\/index.php\/wp-json\/wp\/v2\/comments?post=1235209"}],"version-history":[{"count":0,"href":"https:\/\/www.acapulcopress.com\/index.php\/wp-json\/wp\/v2\/posts\/1235209\/revisions"}],"wp:featuredmedia":[{"embeddable":true,"href":"https:\/\/www.acapulcopress.com\/index.php\/wp-json\/"}],"wp:attachment":[{"href":"https:\/\/www.acapulcopress.com\/index.php\/wp-json\/wp\/v2\/media?parent=1235209"}],"wp:term":[{"taxonomy":"category","embeddable":true,"href":"https:\/\/www.acapulcopress.com\/index.php\/wp-json\/wp\/v2\/categories?post=1235209"},{"taxonomy":"post_tag","embeddable":true,"href":"https:\/\/www.acapulcopress.com\/index.php\/wp-json\/wp\/v2\/tags?post=1235209"}],"curies":[{"name":"wp","href":"https:\/\/api.w.org\/{rel}","templated":true}]}}