{"id":1235223,"date":"2021-12-01T17:39:07","date_gmt":"2021-12-01T23:39:07","guid":{"rendered":"https:\/\/www.acapulco.press\/?p=1235223"},"modified":"2021-12-01T17:39:07","modified_gmt":"2021-12-01T23:39:07","slug":"adultos-recibiran-vacuna-de-refuezo","status":"publish","type":"post","link":"https:\/\/www.acapulcopress.com\/index.php\/2021\/12\/01\/adultos-recibiran-vacuna-de-refuezo\/","title":{"rendered":"Adultos recibir\u00e1n vacuna de refuezo"},"content":{"rendered":"<p style=\"text-align: justify;\">] CIUDAD DE M\u00c9XICO. * 1\u00a0de diciembre de 2021.<br \/>\n<em>) Presidencia de la Rep\u00fablica.<\/em><\/p>\n<p style=\"text-align: justify;\">El presidente Andr\u00e9s Manuel L\u00f3pez Obrador inform\u00f3 que el gobierno federal no descarta la posibilidad de aplicar dosis de refuerzo contra COVID-19 a personas adultas mayores y a las personas que recibieron vacunas que, de acuerdo con investigaciones, han reportado requerir de aplicaciones adicionales.<\/p>\n<figure id=\"attachment_1235225\" aria-describedby=\"caption-attachment-1235225\" style=\"width: 375px\" class=\"wp-caption alignleft\"><img loading=\"lazy\" decoding=\"async\" class=\"wp-image-1235225 size-medium\" src=\"https:\/\/www.acapulco.press\/wp-content\/uploads\/2021\/12\/GOBMX-COVID2-375x250.jpg\" alt=\"\" width=\"375\" height=\"250\" \/><figcaption id=\"caption-attachment-1235225\" class=\"wp-caption-text\"><strong>Anuncia Presidente L\u00f3pez \u00abposibilidad\u00bb que adultos mayore reciban vacuna de refuerzo contra Covid-19.<\/strong><\/figcaption><\/figure>\n<p style=\"text-align: justify;\">\u201cEs parte del plan que se tiene. Lo m\u00e1s pronto. Tenemos que seguir vacunando en comunidades muy apartadas\u201d, remarc\u00f3.<\/p>\n<p style=\"text-align: justify;\">En conferencia de prensa matutina asegur\u00f3 que M\u00e9xico tiene abasto suficiente para proteger a la poblaci\u00f3n.<\/p>\n<p style=\"text-align: justify;\">\u201cEs lo m\u00e1s importante, que estemos vacunados. (\u2026) Que la vacuna no sirva ante las nuevas variantes, eso no est\u00e1 demostrado. Eso es una volada. Para no alarmar, tenemos que actuar con mucha responsabilidad\u201d, enfatiz\u00f3.<\/p>\n<p style=\"text-align: justify;\">El jefe del Ejecutivo resalt\u00f3 que se ha vacunado al 86 por ciento de la poblaci\u00f3n mayor de 18 a\u00f1os de todo el pa\u00eds. De acuerdo con informaci\u00f3n de la Secretar\u00eda de Salud, al 29 de noviembre en el pa\u00eds se ha vacunado contra COVID a 76 millones 845 mil 255 personas.<\/p>\n<p style=\"text-align: justify;\">Sostuvo que sigue el fortalecimiento del Plan Nacional de Vacunaci\u00f3n contra COVID-19 en comunidades rurales. En las peque\u00f1as localidades alejadas de las capitales se aprovechar\u00e1n las jornadas de dispersi\u00f3n de los Programas para el Bienestar con el objetivo de vacunar a las personas que todav\u00eda no reciben una dosis.<\/p>\n<p style=\"text-align: justify;\">\u201cEsto es lo prioritario, atender el rezago, no confiarnos. Lo que est\u00e1 pasando con la nueva variante es que no llegaron las vacunas a \u00c1frica. De cada cien vacunados, en \u00c1frica seis en promedio. No es que sea terrible la nueva variante, es que se abandon\u00f3 a los pobres del mundo, como suele pasar\u201d, apunt\u00f3.<\/p>\n<p style=\"text-align: justify;\">El mandatario lament\u00f3 la desigualdad en la distribuci\u00f3n de vacunas y que el mecanismo COVAX creado por la ONU solo abarc\u00f3 el 5 por ciento de dosis y el otro 95 por ciento las grandes empresas farmac\u00e9uticas.<\/p>\n<p style=\"text-align: justify;\">Sobre la variante \u00f3micron del virus SARS-CoV-2, el subsecretario de Prevenci\u00f3n y Promoci\u00f3n de la Salud, Hugo L\u00f3pez-Gatell Ram\u00edrez, indic\u00f3 que, de acuerdo con la evidencia cient\u00edfica, no ha demostrado ser m\u00e1s virulenta, transmisible ni que cause enfermedad m\u00e1s grave.<\/p>\n<p style=\"text-align: justify;\">\u201cLa vacunaci\u00f3n sigue siendo la medida de control de la pandemia m\u00e1s efectiva, por lo que es importante garantizar equidad en el acceso a las vacunas\u201d, asever\u00f3.<\/p>\n<p style=\"text-align: justify;\">Dijo que la preocupaci\u00f3n real de la Organizaci\u00f3n Mundial de la Salud al respecto es la distribuci\u00f3n desigual de vacunas en el mundo.<\/p>\n<p style=\"text-align: justify;\">El vocero de la estrategia de control de la epidemia se\u00f1al\u00f3 que esa es la raz\u00f3n por la cual la nueva variante o cualquiera de las existentes puede causar los da\u00f1os hasta ahora conocidos en las poblaciones no vacunadas.<\/p>\n<p style=\"text-align: justify;\">Refiri\u00f3 que la cancelaci\u00f3n de viajes y cierres de fronteras no tienen sustento cient\u00edfico y son medidas efectistas que calman la ansiedad social pero no sirven para detener la propagaci\u00f3n de las variantes.<\/p>\n<p style=\"text-align: justify;\">\u201cPodemos garantizar que \u00f3micron terminar\u00e1 siendo una de las variantes de COVID-19 predominantes en el mundo, desde luego puede incluir a M\u00e9xico. D\u00e9moslo por hecho igual que llegar\u00e1 a los dem\u00e1s pa\u00edses\u201d, coment\u00f3.<\/p>\n","protected":false},"excerpt":{"rendered":"<p>] CIUDAD DE M\u00c9XICO. * 1\u00a0de diciembre de 2021. ) Presidencia de la Rep\u00fablica. El presidente Andr\u00e9s Manuel L\u00f3pez Obrador inform\u00f3 que el gobierno federal no descarta la posibilidad de aplicar dosis de refuerzo contra COVID-19 a personas adultas mayores y a las personas que recibieron vacunas que, de acuerdo con investigaciones, han reportado requerir&#8230;<\/p>\n","protected":false},"author":2,"featured_media":1235224,"comment_status":"closed","ping_status":"closed","sticky":false,"template":"","format":"standard","meta":{"footnotes":""},"categories":[1972,1997],"tags":[3793,6705,9310],"class_list":["post-1235223","post","type-post","status-publish","format-standard","has-post-thumbnail","hentry","category-special","category-noticias-destacadas","tag-amlo","tag-covid19","tag-gobierno-de-mexico"],"_links":{"self":[{"href":"https:\/\/www.acapulcopress.com\/index.php\/wp-json\/wp\/v2\/posts\/1235223","targetHints":{"allow":["GET"]}}],"collection":[{"href":"https:\/\/www.acapulcopress.com\/index.php\/wp-json\/wp\/v2\/posts"}],"about":[{"href":"https:\/\/www.acapulcopress.com\/index.php\/wp-json\/wp\/v2\/types\/post"}],"author":[{"embeddable":true,"href":"https:\/\/www.acapulcopress.com\/index.php\/wp-json\/wp\/v2\/users\/2"}],"replies":[{"embeddable":true,"href":"https:\/\/www.acapulcopress.com\/index.php\/wp-json\/wp\/v2\/comments?post=1235223"}],"version-history":[{"count":0,"href":"https:\/\/www.acapulcopress.com\/index.php\/wp-json\/wp\/v2\/posts\/1235223\/revisions"}],"wp:featuredmedia":[{"embeddable":true,"href":"https:\/\/www.acapulcopress.com\/index.php\/wp-json\/"}],"wp:attachment":[{"href":"https:\/\/www.acapulcopress.com\/index.php\/wp-json\/wp\/v2\/media?parent=1235223"}],"wp:term":[{"taxonomy":"category","embeddable":true,"href":"https:\/\/www.acapulcopress.com\/index.php\/wp-json\/wp\/v2\/categories?post=1235223"},{"taxonomy":"post_tag","embeddable":true,"href":"https:\/\/www.acapulcopress.com\/index.php\/wp-json\/wp\/v2\/tags?post=1235223"}],"curies":[{"name":"wp","href":"https:\/\/api.w.org\/{rel}","templated":true}]}}