{"id":1235257,"date":"2021-12-02T17:03:44","date_gmt":"2021-12-02T23:03:44","guid":{"rendered":"https:\/\/www.acapulco.press\/?p=1235257"},"modified":"2021-12-02T17:03:44","modified_gmt":"2021-12-02T23:03:44","slug":"preside-titular-de-la-seg-la-junta-de-gobierno-del-ieejag","status":"publish","type":"post","link":"https:\/\/www.acapulcopress.com\/index.php\/2021\/12\/02\/preside-titular-de-la-seg-la-junta-de-gobierno-del-ieejag\/","title":{"rendered":"Preside titular de la SEG la Junta de Gobierno del IEEJAG"},"content":{"rendered":"<p><img loading=\"lazy\" decoding=\"async\" class=\"alignnone wp-image-1235258 size-large\" src=\"https:\/\/www.acapulco.press\/wp-content\/uploads\/2021\/12\/MARCIAL-INEA-840x437.jpeg\" alt=\"\" width=\"840\" height=\"437\" \/><\/p>\n<p>] CHILPANCINGO. * 2 de diciembre de 2021.<br \/>\n<em>) SEG.<\/em><\/p>\n<p style=\"text-align: justify;\">El Secretario de Educaci\u00f3n de Guerrero, Marcial Rodr\u00edguez Salda\u00f1a, presidi\u00f3 la Junta de Gobierno del Instituto Estatal para la Educaci\u00f3n de J\u00f3venes y Adultos de Guerrero (IEEJAG), que se integra por titulares de diversas secretar\u00edas del gobierno estatal, la presidenta municipal de Chilpancingo,Norma Otilia Hern\u00e1ndez Mart\u00ednez, la directora general del IEEJAG, Aydee Mares Galindo, y un representante de los trabajadores.<\/p>\n<p style=\"text-align: justify;\">Rodr\u00edguez Salda\u00f1a les manifest\u00f3 que tiene indicaciones de la gobernadora del Estado, Evelyn Salgado Pineda, de establecer como una prioridad avanzar en el combate al analfabetismo.<\/p>\n<p><img loading=\"lazy\" decoding=\"async\" class=\"alignnone wp-image-1235259 size-large\" src=\"https:\/\/www.acapulco.press\/wp-content\/uploads\/2021\/12\/MARCIAL-INEA2-840x422.jpeg\" alt=\"\" width=\"840\" height=\"422\" \/><\/p>\n","protected":false},"excerpt":{"rendered":"<p>] CHILPANCINGO. * 2 de diciembre de 2021. ) SEG. El Secretario de Educaci\u00f3n de Guerrero, Marcial Rodr\u00edguez Salda\u00f1a, presidi\u00f3 la Junta de Gobierno del Instituto Estatal para la Educaci\u00f3n de J\u00f3venes y Adultos de Guerrero (IEEJAG), que se integra por titulares de diversas secretar\u00edas del gobierno estatal, la presidenta municipal de Chilpancingo,Norma Otilia Hern\u00e1ndez&#8230;<\/p>\n","protected":false},"author":2,"featured_media":1235259,"comment_status":"closed","ping_status":"closed","sticky":false,"template":"","format":"standard","meta":{"footnotes":""},"categories":[1969,2081],"tags":[10276,12457],"class_list":["post-1235257","post","type-post","status-publish","format-standard","has-post-thumbnail","hentry","category-trending","category-seg","tag-instituto-estatal-para-la-educacion-de-jovenes-y-adultos-de-guerrero-ieejag","tag-marcial-rodriguez-saldana"],"_links":{"self":[{"href":"https:\/\/www.acapulcopress.com\/index.php\/wp-json\/wp\/v2\/posts\/1235257","targetHints":{"allow":["GET"]}}],"collection":[{"href":"https:\/\/www.acapulcopress.com\/index.php\/wp-json\/wp\/v2\/posts"}],"about":[{"href":"https:\/\/www.acapulcopress.com\/index.php\/wp-json\/wp\/v2\/types\/post"}],"author":[{"embeddable":true,"href":"https:\/\/www.acapulcopress.com\/index.php\/wp-json\/wp\/v2\/users\/2"}],"replies":[{"embeddable":true,"href":"https:\/\/www.acapulcopress.com\/index.php\/wp-json\/wp\/v2\/comments?post=1235257"}],"version-history":[{"count":0,"href":"https:\/\/www.acapulcopress.com\/index.php\/wp-json\/wp\/v2\/posts\/1235257\/revisions"}],"wp:featuredmedia":[{"embeddable":true,"href":"https:\/\/www.acapulcopress.com\/index.php\/wp-json\/"}],"wp:attachment":[{"href":"https:\/\/www.acapulcopress.com\/index.php\/wp-json\/wp\/v2\/media?parent=1235257"}],"wp:term":[{"taxonomy":"category","embeddable":true,"href":"https:\/\/www.acapulcopress.com\/index.php\/wp-json\/wp\/v2\/categories?post=1235257"},{"taxonomy":"post_tag","embeddable":true,"href":"https:\/\/www.acapulcopress.com\/index.php\/wp-json\/wp\/v2\/tags?post=1235257"}],"curies":[{"name":"wp","href":"https:\/\/api.w.org\/{rel}","templated":true}]}}