{"id":1235293,"date":"2021-12-02T20:56:59","date_gmt":"2021-12-03T02:56:59","guid":{"rendered":"https:\/\/www.acapulco.press\/?p=1235293"},"modified":"2021-12-02T20:56:59","modified_gmt":"2021-12-03T02:56:59","slug":"por-gestion-de-gobernadora-retiran-planton-de-diana-estudiantes-rechazados","status":"publish","type":"post","link":"https:\/\/www.acapulcopress.com\/index.php\/2021\/12\/02\/por-gestion-de-gobernadora-retiran-planton-de-diana-estudiantes-rechazados\/","title":{"rendered":"Por gesti\u00f3n de Gobernadora retiran plant\u00f3n de Diana &#8216;estudiantes rechazados&#8217;"},"content":{"rendered":"<p style=\"text-align: justify;\">\n] ACAPULCO. * 2\u00a0de diciembre de 2021.<br \/>\n) Gobierno de Guerrero.<\/p>\n<p style=\"text-align: justify;\">Como resultado de un di\u00e1logo cercano y sensible encabezado por la gobernadora Evelyn Salgado Pineda con los integrantes del Movimiento Estudiantil Kiosco, se acord\u00f3 el retiro de manera pac\u00edfica del plant\u00f3n que manten\u00edan desde hace casi tres meses en la Glorieta de la Diana sobre la Costera Miguel Alem\u00e1n.<\/p>\n<p><img loading=\"lazy\" decoding=\"async\" class=\"alignleft size-medium wp-image-1235295\" src=\"https:\/\/www.acapulco.press\/wp-content\/uploads\/2021\/12\/MOVIMIENTO-KIOSKO2-375x250.jpg\" alt=\"\" width=\"375\" height=\"250\" \/>De manera previa, la mandataria estatal sostuvo una reuni\u00f3n con una comisi\u00f3n de representantes de este movimiento, as\u00ed como con el rector de la Universidad Aut\u00f3noma de Guerrero (Uagro), Jos\u00e9 Alfredo Romero Olea y la presidenta municipal, Abelina L\u00f3pez Rodr\u00edguez, en donde se dio por concluido el conflicto social.<br \/>\nPoco antes de las seis de la tarde y en representaci\u00f3n de la gobernadora Evelyn Salgado, el subsecretario de Coordinaci\u00f3n, Enlace y Atenci\u00f3n de Organizaciones Sociales de la Secretar\u00eda General de Gobierno, \u00d3scar Ch\u00e1vez Rend\u00f3n, acudi\u00f3 a la Glorieta de la Diana, en donde atestigu\u00f3 la realizaci\u00f3n del proceso para liberar la vialidad, el cual se llev\u00f3 a cabo en orden, de manera pac\u00edfica y con pleno respeto.<\/p>\n<p>En entrevista, enfatiz\u00f3 que tal como lo instruy\u00f3 la mandataria estatal, lo que se busca es respaldar a los j\u00f3venes estudiantes, para que puedan tener opciones que les permitan continuar con sus estudios.<\/p>\n<p><img loading=\"lazy\" decoding=\"async\" class=\"alignleft size-medium wp-image-1235297\" src=\"https:\/\/www.acapulco.press\/wp-content\/uploads\/2021\/12\/MOVIMIENTO-KIOSKO4-375x250.jpg\" alt=\"\" width=\"375\" height=\"250\" \/>Ch\u00e1vez Rend\u00f3n destac\u00f3 que la gobernadora Evelyn Salgado \u201cfue fundamental en este proceso de resoluci\u00f3n del problema\u201d, lo que permiti\u00f3 llegar a este compromiso. \u201cHubo un acuerdo de levantar el plant\u00f3n, siempre buscando salidas para los j\u00f3venes\u201d, a\u00f1adi\u00f3.<\/p>\n<p>Posteriormente, el grupo encabezado por Margarita Mart\u00ednez Garc\u00eda levant\u00f3 la protesta y agradeci\u00f3 la intervenci\u00f3n de la gobernadora, la cual fue decisiva para poder dar una soluci\u00f3n a la problem\u00e1tica, permitiendo el ingreso de los estudiantes a distintas universidades. \u201cVamos a quitar nuestro plant\u00f3n, porque ella nos est\u00e1 respaldando\u201d, dijo.<\/p>\n<p>Explic\u00f3 que de un total de 38 j\u00f3venes que conforman el movimiento, por lo menos 15 se van a la Uagro, 6 a la Universidad del Bienestar \u201cBenito Ju\u00e1rez Garc\u00eda\u201d y cinco a universidades privadas, siempre <img loading=\"lazy\" decoding=\"async\" class=\"alignleft size-medium wp-image-1235294\" src=\"https:\/\/www.acapulco.press\/wp-content\/uploads\/2021\/12\/MOVIMIENTO-KIOSKO-375x250.jpg\" alt=\"\" width=\"375\" height=\"250\" \/>siguiendo los requerimientos establecidos por las diversas instituciones; detall\u00f3 que para ello se buscar\u00e1n cursos y becas para apoyar a los estudiantes.<\/p>\n<p>En tanto que la alcaldesa de Acapulco, Abelina L\u00f3pez reconoci\u00f3 la voluntad y buena disposici\u00f3n que se dio desde el gobierno del estado para lograr un buen t\u00e9rmino en esta situaci\u00f3n.<\/p>\n<p>\u201cHoy en la figura de la gobernadora, una joven que entiende, pero que adem\u00e1s que se pone del lado de los j\u00f3venes, hubo esa gran disposici\u00f3n y que en esa reuni\u00f3n en donde estuvo la Universidad, la gobernadora, los j\u00f3venes, creo que es el mejor ejercicio para poder resolver los problemas\u201d, se\u00f1al\u00f3 la presidenta.<br \/>\nCon estas acciones, la administraci\u00f3n que encabeza la gobernadora Evelyn Salgado Pineda consolida una pol\u00edtica de di\u00e1logo y acercamiento con los diversos grupos sociales de Guerrero.<\/p>\n","protected":false},"excerpt":{"rendered":"<p>] ACAPULCO. * 2\u00a0de diciembre de 2021. ) Gobierno de Guerrero. Como resultado de un di\u00e1logo cercano y sensible encabezado por la gobernadora Evelyn Salgado Pineda con los integrantes del Movimiento Estudiantil Kiosco, se acord\u00f3 el retiro de manera pac\u00edfica del plant\u00f3n que manten\u00edan desde hace casi tres meses en la Glorieta de la Diana&#8230;<\/p>\n","protected":false},"author":2,"featured_media":1235296,"comment_status":"closed","ping_status":"closed","sticky":false,"template":"","format":"standard","meta":{"footnotes":""},"categories":[1972,1983,18561],"tags":[],"class_list":["post-1235293","post","type-post","status-publish","format-standard","has-post-thumbnail","hentry","category-special","category-guerrerogob","category-society-politics"],"_links":{"self":[{"href":"https:\/\/www.acapulcopress.com\/index.php\/wp-json\/wp\/v2\/posts\/1235293","targetHints":{"allow":["GET"]}}],"collection":[{"href":"https:\/\/www.acapulcopress.com\/index.php\/wp-json\/wp\/v2\/posts"}],"about":[{"href":"https:\/\/www.acapulcopress.com\/index.php\/wp-json\/wp\/v2\/types\/post"}],"author":[{"embeddable":true,"href":"https:\/\/www.acapulcopress.com\/index.php\/wp-json\/wp\/v2\/users\/2"}],"replies":[{"embeddable":true,"href":"https:\/\/www.acapulcopress.com\/index.php\/wp-json\/wp\/v2\/comments?post=1235293"}],"version-history":[{"count":0,"href":"https:\/\/www.acapulcopress.com\/index.php\/wp-json\/wp\/v2\/posts\/1235293\/revisions"}],"wp:featuredmedia":[{"embeddable":true,"href":"https:\/\/www.acapulcopress.com\/index.php\/wp-json\/"}],"wp:attachment":[{"href":"https:\/\/www.acapulcopress.com\/index.php\/wp-json\/wp\/v2\/media?parent=1235293"}],"wp:term":[{"taxonomy":"category","embeddable":true,"href":"https:\/\/www.acapulcopress.com\/index.php\/wp-json\/wp\/v2\/categories?post=1235293"},{"taxonomy":"post_tag","embeddable":true,"href":"https:\/\/www.acapulcopress.com\/index.php\/wp-json\/wp\/v2\/tags?post=1235293"}],"curies":[{"name":"wp","href":"https:\/\/api.w.org\/{rel}","templated":true}]}}