{"id":1235303,"date":"2021-12-03T17:04:13","date_gmt":"2021-12-03T23:04:13","guid":{"rendered":"https:\/\/www.acapulco.press\/?p=1235303"},"modified":"2021-12-03T17:04:13","modified_gmt":"2021-12-03T23:04:13","slug":"titular-de-seg-participa-en-inauguracion-de-obras-en-cobach-zihuatanejo","status":"publish","type":"post","link":"https:\/\/www.acapulcopress.com\/index.php\/2021\/12\/03\/titular-de-seg-participa-en-inauguracion-de-obras-en-cobach-zihuatanejo\/","title":{"rendered":"Titular de SEG participa en inauguraci\u00f3n de obras en Cobach Zihuatanejo"},"content":{"rendered":"<p style=\"text-align: justify;\">] ZIHUATANEJO. * 3\u00a0de diciembre de 2021.<br \/>\n<em>) SEG<\/em>.<br \/>\nEl secretario de Educaci\u00f3n en Guerrero, Marcial Rodr\u00edguez Salda\u00f1a, particip\u00f3 en la inauguraci\u00f3n del techumbre de la cancha de usos m\u00faltiples y dos aulas escolares en <img loading=\"lazy\" decoding=\"async\" class=\"alignleft size-medium wp-image-1235304\" src=\"https:\/\/www.acapulco.press\/wp-content\/uploads\/2021\/12\/COACOYUL-ZIH-375x169.jpeg\" alt=\"\" width=\"375\" height=\"169\" \/>el Colegio de Bachilleres ubicado en la comunidad de El Coacoyul, en cuya construcci\u00f3n colabor\u00f3 la se\u00f1ora Carol Romain.<\/p>\n<p style=\"text-align: justify;\">Rodr\u00edguez Salda\u00f1a transmiti\u00f3 un saludo afectuoso y un reconocimiento a los estudiantes, trabajadores, docentes y padres de familia, de parte de la Gobernadora Evelyn Salgado Pineda, quien est\u00e1 impulsando la transformaci\u00f3n educativa en el Estado.<\/p>\n<p style=\"text-align: justify;\">En el evento participaron el presidente municipal Jorge S\u00e1nchez Allec, el diputado local Carlos Cruz L\u00f3pez, el director general del Cobach, Jes\u00fas Villanueva Vega, integrantes del Cabildo de Zihuatanejo, el presidente del patronato de padres de familia, Gustavo Sol\u00eds, representantes sindicales, el presidente del comisariado ejidal de El Coacoyul, Juan Sol\u00eds Meraza y el comisario municipal. Luis Fernando Arriaga Ram\u00edrez.<\/p>\n","protected":false},"excerpt":{"rendered":"<p>] ZIHUATANEJO. * 3\u00a0de diciembre de 2021. ) SEG. El secretario de Educaci\u00f3n en Guerrero, Marcial Rodr\u00edguez Salda\u00f1a, particip\u00f3 en la inauguraci\u00f3n del techumbre de la cancha de usos m\u00faltiples y dos aulas escolares en el Colegio de Bachilleres ubicado en la comunidad de El Coacoyul, en cuya construcci\u00f3n colabor\u00f3 la se\u00f1ora Carol Romain. Rodr\u00edguez&#8230;<\/p>\n","protected":false},"author":2,"featured_media":1235304,"comment_status":"closed","ping_status":"closed","sticky":false,"template":"","format":"standard","meta":{"footnotes":""},"categories":[1969,2081],"tags":[12457,16169,16362],"class_list":["post-1235303","post","type-post","status-publish","format-standard","has-post-thumbnail","hentry","category-trending","category-seg","tag-marcial-rodriguez-saldana","tag-secretaria-de-educacion-guerrero-seg","tag-seg"],"_links":{"self":[{"href":"https:\/\/www.acapulcopress.com\/index.php\/wp-json\/wp\/v2\/posts\/1235303","targetHints":{"allow":["GET"]}}],"collection":[{"href":"https:\/\/www.acapulcopress.com\/index.php\/wp-json\/wp\/v2\/posts"}],"about":[{"href":"https:\/\/www.acapulcopress.com\/index.php\/wp-json\/wp\/v2\/types\/post"}],"author":[{"embeddable":true,"href":"https:\/\/www.acapulcopress.com\/index.php\/wp-json\/wp\/v2\/users\/2"}],"replies":[{"embeddable":true,"href":"https:\/\/www.acapulcopress.com\/index.php\/wp-json\/wp\/v2\/comments?post=1235303"}],"version-history":[{"count":0,"href":"https:\/\/www.acapulcopress.com\/index.php\/wp-json\/wp\/v2\/posts\/1235303\/revisions"}],"wp:featuredmedia":[{"embeddable":true,"href":"https:\/\/www.acapulcopress.com\/index.php\/wp-json\/"}],"wp:attachment":[{"href":"https:\/\/www.acapulcopress.com\/index.php\/wp-json\/wp\/v2\/media?parent=1235303"}],"wp:term":[{"taxonomy":"category","embeddable":true,"href":"https:\/\/www.acapulcopress.com\/index.php\/wp-json\/wp\/v2\/categories?post=1235303"},{"taxonomy":"post_tag","embeddable":true,"href":"https:\/\/www.acapulcopress.com\/index.php\/wp-json\/wp\/v2\/tags?post=1235303"}],"curies":[{"name":"wp","href":"https:\/\/api.w.org\/{rel}","templated":true}]}}