{"id":1235320,"date":"2021-12-06T18:41:19","date_gmt":"2021-12-07T00:41:19","guid":{"rendered":"https:\/\/www.acapulco.press\/?p=1235320"},"modified":"2021-12-06T18:41:19","modified_gmt":"2021-12-07T00:41:19","slug":"acompana-titular-de-seg-a-la-gobernadora-salgado-a-entrega-de-equipamiento-al-ieejag","status":"publish","type":"post","link":"https:\/\/www.acapulcopress.com\/index.php\/2021\/12\/06\/acompana-titular-de-seg-a-la-gobernadora-salgado-a-entrega-de-equipamiento-al-ieejag\/","title":{"rendered":"Acompa\u00f1a titular de SEG a la Gobernadora Salgado a entrega de equipamiento al IEEJAG"},"content":{"rendered":"<p>CHILPANCINGO. * 6 de diciembre de 2021.<br \/>\n<em>) SEG.<\/em><\/p>\n<p style=\"text-align: justify;\">La Gobernadora del Estado, Evelyn Salgado Pineda, entreg\u00f3 certificados de estudios a personas que fueron alfabetizadas por el Instituto Nacional para la Educaci\u00f3n de los Adultos (INEA), as\u00ed como equipo de c\u00f3mputo y unidades de transporte a docentes de esta instituci\u00f3n.<\/p>\n<p style=\"text-align: justify;\">El secretario de Educaci\u00f3n en Guerrero, Marcial Rodriguez Salda\u00f1a, acompa\u00f1\u00f3 a la Gobernadora a dicho evento y expres\u00f3 que con estas acciones de la titular del Poder Ejecutivo se fortalece el combate al analfabetismo en Guerrero.<\/p>\n<p style=\"text-align: justify;\">Estuvieron presentes en dicho evento la directora general del INEA, Teresa Guadalupe Reyes Sahag\u00fan; la directora General del IEEJAG, Aydee Mares Galindo; la presidenta municipal de Chilpancingo, Norma Otilia Hern\u00e1ndez Mart\u00ednez, y alcaldes de diversos municipios del Estado, as\u00ed como diputados locales.<\/p>\n<p><img loading=\"lazy\" decoding=\"async\" class=\"alignnone wp-image-1235324 size-large\" src=\"https:\/\/www.acapulco.press\/wp-content\/uploads\/2021\/12\/MARCIAL-PROTESTAS-840x405.jpg\" alt=\"\" width=\"840\" height=\"405\" \/><\/p>\n","protected":false},"excerpt":{"rendered":"<p>CHILPANCINGO. * 6 de diciembre de 2021. ) SEG. La Gobernadora del Estado, Evelyn Salgado Pineda, entreg\u00f3 certificados de estudios a personas que fueron alfabetizadas por el Instituto Nacional para la Educaci\u00f3n de los Adultos (INEA), as\u00ed como equipo de c\u00f3mputo y unidades de transporte a docentes de esta instituci\u00f3n. El secretario de Educaci\u00f3n en&#8230;<\/p>\n","protected":false},"author":2,"featured_media":1235324,"comment_status":"closed","ping_status":"closed","sticky":false,"template":"","format":"standard","meta":{"footnotes":""},"categories":[1969,2081],"tags":[12457,16169,16362],"class_list":["post-1235320","post","type-post","status-publish","format-standard","has-post-thumbnail","hentry","category-trending","category-seg","tag-marcial-rodriguez-saldana","tag-secretaria-de-educacion-guerrero-seg","tag-seg"],"_links":{"self":[{"href":"https:\/\/www.acapulcopress.com\/index.php\/wp-json\/wp\/v2\/posts\/1235320","targetHints":{"allow":["GET"]}}],"collection":[{"href":"https:\/\/www.acapulcopress.com\/index.php\/wp-json\/wp\/v2\/posts"}],"about":[{"href":"https:\/\/www.acapulcopress.com\/index.php\/wp-json\/wp\/v2\/types\/post"}],"author":[{"embeddable":true,"href":"https:\/\/www.acapulcopress.com\/index.php\/wp-json\/wp\/v2\/users\/2"}],"replies":[{"embeddable":true,"href":"https:\/\/www.acapulcopress.com\/index.php\/wp-json\/wp\/v2\/comments?post=1235320"}],"version-history":[{"count":0,"href":"https:\/\/www.acapulcopress.com\/index.php\/wp-json\/wp\/v2\/posts\/1235320\/revisions"}],"wp:featuredmedia":[{"embeddable":true,"href":"https:\/\/www.acapulcopress.com\/index.php\/wp-json\/"}],"wp:attachment":[{"href":"https:\/\/www.acapulcopress.com\/index.php\/wp-json\/wp\/v2\/media?parent=1235320"}],"wp:term":[{"taxonomy":"category","embeddable":true,"href":"https:\/\/www.acapulcopress.com\/index.php\/wp-json\/wp\/v2\/categories?post=1235320"},{"taxonomy":"post_tag","embeddable":true,"href":"https:\/\/www.acapulcopress.com\/index.php\/wp-json\/wp\/v2\/tags?post=1235320"}],"curies":[{"name":"wp","href":"https:\/\/api.w.org\/{rel}","templated":true}]}}