{"id":1235346,"date":"2021-12-06T21:08:56","date_gmt":"2021-12-07T03:08:56","guid":{"rendered":"https:\/\/www.acapulco.press\/?p=1235346"},"modified":"2021-12-06T21:08:56","modified_gmt":"2021-12-07T03:08:56","slug":"ni-los-narcos-quieren-a-ludwig-reynoso-como-fiscal-de-guerrero","status":"publish","type":"post","link":"https:\/\/www.acapulcopress.com\/index.php\/2021\/12\/06\/ni-los-narcos-quieren-a-ludwig-reynoso-como-fiscal-de-guerrero\/","title":{"rendered":"Ni los narcos quieren a Ludwig Reynoso como fiscal de Guerrero"},"content":{"rendered":"<p style=\"text-align: justify;\">\u00bb <strong>Mario Garc\u00eda Rodr\u00edguez<\/strong><br \/>\n] CHILPANCINGO. * 6 de diciembre de 2021.<br \/>\n<em>) ANASA.<\/em><\/p>\n<p style=\"text-align: justify;\">La noche del pasado s\u00e1bado 04 de diciembre fueron colgadas narco-lonas en diferentes puntos de esta ciudad, en ella advierten a la gobernadora Evelyn Salgado Pineda que no se permitir\u00e1 que grupos delictivos for\u00e1neos entren a operar a esta entidad suriana y advierten sobre la imposici\u00f3n del nuevo fiscal.<\/p>\n<p style=\"text-align: justify;\">Una de las lonas fue dejada frente a las oficinas centrales de la Secretar\u00eda de Salud Guerrero y de la CETEG, ubicadas en la avenida Ruffo Figueroa, al oriente de la capital, y minutos despu\u00e9s fueron retiradas por las autoridades.<\/p>\n<p style=\"text-align: justify;\">Las lonas fueron firmadas por la c\u00e9lula criminal \u201cGente Nueva\u201d o tambi\u00e9n \u201cLa Bandera\u201d, en las que, adem\u00e1s, acusaron al titular de la Subsecretar\u00eda de Seguridad P\u00fablica Estatal, Irving Jim\u00e9nez S\u00e1nchez, de \u201capoyar\u201d al grupo delincuencial \u201cLos Tlacos\u201d que opera en Chilpancingo, Iguala, Tierra Colorada, Leonardo Bravo y Heliodoro Castillo.<br \/>\nSe\u00f1alan que este \u201capoyo\u201d es con \u201caval\u201d del secretario de Seguridad P\u00fablica, el capit\u00e1n de la Marina, Evelio M\u00e9ndez G\u00f3mez quien, junto a Jim\u00e9nez S\u00e1nchez, tratan de \u201cimponer\u201d, a trav\u00e9s del Congreso local, a Ludwig Marcial Reynoso N\u00fa\u00f1ez, como fiscal General del Estado (FGE), se acusa.<\/p>\n<p style=\"text-align: justify;\">Este personaje es el actual subsecretario de Asuntos Pol\u00edticos de la Secretar\u00eda General de Gobierno, y gente cercano al senador de la Rep\u00fablica, F\u00e9lix Salgado Macedonio, padre de la mandataria estatal Evelyn Salgado Pineda.<\/p>\n<p style=\"text-align: justify;\">Sin renunciar al cargo que ostenta, el funcionario en menci\u00f3n se registr\u00f3 como candidato a la titularidad de esta dependencia, seg\u00fan una lista de aspirantes que public\u00f3 recientemente el presidente de la Junta de Coordinaci\u00f3n Pol\u00edtica (Jucopo) del Congreso local, Alfredo S\u00e1nchez Esquivel.<\/p>\n<p style=\"text-align: justify;\">Sin embargo, cuestionada al respecto, Salgado Pineda asegur\u00f3 que el hecho de que Reynoso N\u00fa\u00f1ez forme parte de su gobierno y se haya anotado como candidato, no significa que habr\u00e1 un fiscal \u201ca modo\u201d.<\/p>\n","protected":false},"excerpt":{"rendered":"<p>\u00bb Mario Garc\u00eda Rodr\u00edguez ] CHILPANCINGO. * 6 de diciembre de 2021. ) ANASA. La noche del pasado s\u00e1bado 04 de diciembre fueron colgadas narco-lonas en diferentes puntos de esta ciudad, en ella advierten a la gobernadora Evelyn Salgado Pineda que no se permitir\u00e1 que grupos delictivos for\u00e1neos entren a operar a esta entidad suriana&#8230;<\/p>\n","protected":false},"author":2,"featured_media":1235348,"comment_status":"closed","ping_status":"closed","sticky":false,"template":"","format":"standard","meta":{"footnotes":""},"categories":[1969,1972,2005],"tags":[8703,12139,13529],"class_list":["post-1235346","post","type-post","status-publish","format-standard","has-post-thumbnail","hentry","category-trending","category-special","category-seguridad-y-justicia","tag-fiscalia-general-del-estado-de-guerrero-fge","tag-ludwig-marcial-reynoso-nunez","tag-narcomantas"],"_links":{"self":[{"href":"https:\/\/www.acapulcopress.com\/index.php\/wp-json\/wp\/v2\/posts\/1235346","targetHints":{"allow":["GET"]}}],"collection":[{"href":"https:\/\/www.acapulcopress.com\/index.php\/wp-json\/wp\/v2\/posts"}],"about":[{"href":"https:\/\/www.acapulcopress.com\/index.php\/wp-json\/wp\/v2\/types\/post"}],"author":[{"embeddable":true,"href":"https:\/\/www.acapulcopress.com\/index.php\/wp-json\/wp\/v2\/users\/2"}],"replies":[{"embeddable":true,"href":"https:\/\/www.acapulcopress.com\/index.php\/wp-json\/wp\/v2\/comments?post=1235346"}],"version-history":[{"count":0,"href":"https:\/\/www.acapulcopress.com\/index.php\/wp-json\/wp\/v2\/posts\/1235346\/revisions"}],"wp:featuredmedia":[{"embeddable":true,"href":"https:\/\/www.acapulcopress.com\/index.php\/wp-json\/"}],"wp:attachment":[{"href":"https:\/\/www.acapulcopress.com\/index.php\/wp-json\/wp\/v2\/media?parent=1235346"}],"wp:term":[{"taxonomy":"category","embeddable":true,"href":"https:\/\/www.acapulcopress.com\/index.php\/wp-json\/wp\/v2\/categories?post=1235346"},{"taxonomy":"post_tag","embeddable":true,"href":"https:\/\/www.acapulcopress.com\/index.php\/wp-json\/wp\/v2\/tags?post=1235346"}],"curies":[{"name":"wp","href":"https:\/\/api.w.org\/{rel}","templated":true}]}}