{"id":1235357,"date":"2021-12-06T22:18:36","date_gmt":"2021-12-07T04:18:36","guid":{"rendered":"https:\/\/www.acapulco.press\/?p=1235357"},"modified":"2021-12-06T22:18:36","modified_gmt":"2021-12-07T04:18:36","slug":"gaby-bernal-afirma-compromiso-legislativo-contra-la-violencia-politica-a-las-mujeres","status":"publish","type":"post","link":"https:\/\/www.acapulcopress.com\/index.php\/2021\/12\/06\/gaby-bernal-afirma-compromiso-legislativo-contra-la-violencia-politica-a-las-mujeres\/","title":{"rendered":"Gaby Bernal afirma compromiso legislativo contra la violencia pol\u00edtica a las mujeres"},"content":{"rendered":"<p style=\"text-align: justify;\">CHILPANCINGO. * 6 de diciembre de 2021.<br \/>\n<em>) Especial.<\/em><br \/>\nAl presentarse el primer informe sobre la violencia pol\u00edtica contra las mujeres en el proceso electoral 2020-2021 en Guerrero, como parte de los 16 d\u00edas de Activismo <img loading=\"lazy\" decoding=\"async\" class=\"alignleft size-medium wp-image-1235360\" src=\"https:\/\/www.acapulco.press\/wp-content\/uploads\/2021\/12\/GABY-BERNAL3-375x281.jpeg\" alt=\"\" width=\"375\" height=\"281\" \/>Contra la Violencia de G\u00e9nero, las diputadas de la<em> Comisi\u00f3n Para la Igualdad de G\u00e9nero, <\/em>que preside Gabriela Bernal Resendiz, sostuvieron el firme compromiso de seguir avanzando en los derechos pol\u00edticos de las mujeres, sin dar ni un paso atr\u00e1s para hacerla visible y tipificarla como delito.<\/p>\n<p style=\"text-align: justify;\">El informe fue presentado por la presidenta de la<em> Red para el Avance Pol\u00edtico de las Mujeres Guerrerenses<\/em>, Muriel Salinas D\u00edaz, quien detall\u00f3 el registro de un total de 45 casos de violencia pol\u00edtica cometida contra las mujeres durante el per\u00edodo del primero de enero al 14 de junio, la mayor cantidad de ellos ocurridos en la regi\u00f3n Centro, y contra mujeres de entre 40 y 49 a\u00f1os, de los cuales, dijo, unicamente hubo dos sentencias de violencia pol\u00edtica contra mujeres, luego del litigio estrat\u00e9gico.<\/p>\n<p style=\"text-align: justify;\">En ese sentido, la diputada Gabriela Bernal Resendiz reconoci\u00f3 el trabajo de la<em> Red<\/em> para hacer visible la violencia y precis\u00f3 que lo que se haga en adelante ser\u00e1 fundamental el acompa\u00f1amiento de la red.<\/p>\n<p style=\"text-align: justify;\">\u00abHoy la causa nos une; somos la primera legislatura paritaria no podemos visualizar un Congreso sin la <img loading=\"lazy\" decoding=\"async\" class=\"alignleft size-medium wp-image-1235358\" src=\"https:\/\/www.acapulco.press\/wp-content\/uploads\/2021\/12\/GABY-BERNAL-375x250.jpeg\" alt=\"\" width=\"375\" height=\"250\" \/>voz y la participaci\u00f3n de las mujeres a quienes agradecemos sus propuestas presentadas para armonizar en materia de G\u00e9nero y tipificar la violencia pol\u00edtica contra las mujeres\u00bb, dijo Bernal Resendiz.<\/p>\n<p style=\"text-align: justify;\">En su intervenci\u00f3n, la diputada Alicia Zamora Villalva, vocal de la comisi\u00f3n resalt\u00f3 la importancia de sumarse todas y no quitar los ojos de encima de todos los casos, y las convoc\u00f3 a seguir caminando juntas y que las propuestas no sean de un car\u00e1cter de partido o bandera para descalificar a nadie, ya que hay f\u00e9minas que hicieron brecha atr\u00e1s gracias a las que hoy hay mujeres en los espacios.<\/p>\n<p style=\"text-align: justify;\">\u00abHoy tenemos la oportunidad de escuchar, aprendamos a conversar entre mujeres para no desacreditarnos, la comisi\u00f3n enriquece el trabajo con las aportaciones de las organizaciones\u00bb, recalc\u00f3 Zamora Villalva, quien agradeci\u00f3 el trabajo de la Red, que ser\u00e1 b\u00e1sico para legislar a favor de las mujeres.<\/p>\n<p style=\"text-align: justify;\"><img loading=\"lazy\" decoding=\"async\" class=\"alignnone wp-image-1235359 size-large\" src=\"https:\/\/www.acapulco.press\/wp-content\/uploads\/2021\/12\/GABY-BERNAL2-840x496.jpeg\" alt=\"\" width=\"840\" height=\"496\" \/><\/p>\n","protected":false},"excerpt":{"rendered":"<p>CHILPANCINGO. * 6 de diciembre de 2021. ) Especial. Al presentarse el primer informe sobre la violencia pol\u00edtica contra las mujeres en el proceso electoral 2020-2021 en Guerrero, como parte de los 16 d\u00edas de Activismo Contra la Violencia de G\u00e9nero, las diputadas de la Comisi\u00f3n Para la Igualdad de G\u00e9nero, que preside Gabriela Bernal&#8230;<\/p>\n","protected":false},"author":2,"featured_media":1235359,"comment_status":"closed","ping_status":"closed","sticky":false,"template":"","format":"standard","meta":{"footnotes":""},"categories":[1972,61,18561],"tags":[6194,6370,9062,12253,17943],"class_list":["post-1235357","post","type-post","status-publish","format-standard","has-post-thumbnail","hentry","category-special","category-legislacion","category-society-politics","tag-comision-para-la-igualdad-de-genero","tag-congreso-de-guerrero","tag-gabriela-bernal-resendiz","tag-lxiii-legislatura-guerrero","tag-violencia-politica"],"_links":{"self":[{"href":"https:\/\/www.acapulcopress.com\/index.php\/wp-json\/wp\/v2\/posts\/1235357","targetHints":{"allow":["GET"]}}],"collection":[{"href":"https:\/\/www.acapulcopress.com\/index.php\/wp-json\/wp\/v2\/posts"}],"about":[{"href":"https:\/\/www.acapulcopress.com\/index.php\/wp-json\/wp\/v2\/types\/post"}],"author":[{"embeddable":true,"href":"https:\/\/www.acapulcopress.com\/index.php\/wp-json\/wp\/v2\/users\/2"}],"replies":[{"embeddable":true,"href":"https:\/\/www.acapulcopress.com\/index.php\/wp-json\/wp\/v2\/comments?post=1235357"}],"version-history":[{"count":0,"href":"https:\/\/www.acapulcopress.com\/index.php\/wp-json\/wp\/v2\/posts\/1235357\/revisions"}],"wp:featuredmedia":[{"embeddable":true,"href":"https:\/\/www.acapulcopress.com\/index.php\/wp-json\/"}],"wp:attachment":[{"href":"https:\/\/www.acapulcopress.com\/index.php\/wp-json\/wp\/v2\/media?parent=1235357"}],"wp:term":[{"taxonomy":"category","embeddable":true,"href":"https:\/\/www.acapulcopress.com\/index.php\/wp-json\/wp\/v2\/categories?post=1235357"},{"taxonomy":"post_tag","embeddable":true,"href":"https:\/\/www.acapulcopress.com\/index.php\/wp-json\/wp\/v2\/tags?post=1235357"}],"curies":[{"name":"wp","href":"https:\/\/api.w.org\/{rel}","templated":true}]}}