{"id":1235367,"date":"2021-12-07T21:00:40","date_gmt":"2021-12-08T03:00:40","guid":{"rendered":"https:\/\/www.acapulco.press\/?p=1235367"},"modified":"2021-12-07T21:00:40","modified_gmt":"2021-12-08T03:00:40","slug":"ilegal-imposicion-de-farias-en-la-jlcya","status":"publish","type":"post","link":"https:\/\/www.acapulcopress.com\/index.php\/2021\/12\/07\/ilegal-imposicion-de-farias-en-la-jlcya\/","title":{"rendered":"Ilegal imposici\u00f3n de Far\u00edas en la JLCyA"},"content":{"rendered":"<p style=\"text-align: justify;\">\u00bb<strong> \u00c1ngel Blanco<\/strong> .<br \/>\nACAPULCO, Gro.. * 7 de diciembre de 2021.<br \/>\n<em>) Acapulco Press.<\/em><\/p>\n<p style=\"text-align: justify;\">La imposici\u00f3n de la gobernadora Evelyn Salgado del experredista Germ\u00e1n Far\u00edas Silvestre como presidente de la Junta Local de Conciliaci\u00f3n y Arbitraje 01 de Acapulco <img loading=\"lazy\" decoding=\"async\" class=\"alignleft size-medium wp-image-1235376\" src=\"https:\/\/www.acapulco.press\/wp-content\/uploads\/2021\/12\/NOMBRAMIENTO-SILVESTRE-FARIAS-copia-375x500.jpg\" alt=\"\" width=\"375\" height=\"500\" \/>es totalmente ilegal y arbitraria, suscribieron juristas laborales y postulantes del puerto.<\/p>\n<p style=\"text-align: justify;\">Al exdirector de Reglamentos y Espect\u00e1culos duante el gobierno de Jes\u00fas Evodio Vel\u00e1zquez Aguirre, que en octubre del 2012 fue denunciado ante instancias civiles por su popio hijo, Brayan Yoshimar Far\u00edas Benitez, por\u00a0 negarle la patria potestad para ser reconocido como hijo leg\u00edtimo suyo, \u00abse le debi\u00f3 exigir, como m\u00ednimo, una maestr\u00eda en Derecho Laboral, ya que jam\u00e1s ha litigado y solo se ha desempe\u00f1ado como pol\u00edtico, regidor, diputado y servidor p\u00fablico, mas no como jurista\u00bb, se\u00f1al\u00f3 el integrante de la agrupaci\u00f3n de Abogados Postulantes de Guerrero, Romelio Contreras S\u00e1nchez, a nombre de los miembros de su organizaci\u00f3n, integrada por Leopondo Parras Peralta, \u00d3scar Larumbe Ch\u00e1vez, Blanca Contreras L\u00f3pez, Eduardo Tarrazas Flores y Daniel Su\u00e1stegui Contreras.<\/p>\n<p style=\"text-align: justify;\">A nombre de \u00a0la Asociaci\u00f3n de Abogados Laboristas de Acapulco, Ricardo Magos Ram\u00edrez, manifest\u00f3 lo lamentable que fue la desinaci\u00f3n de Germ\u00e1n Far\u00edas Silvestre como Presidente de la Junta de Conciliaci\u00f3n 01 de Acapulco. Esta persona es \u00abun pol\u00edtico que no conoce la materia laboral\u00bb, dijo. \u00abSi ahorita existe un razago hist\u00f3rico en la justa, \u00a1imag\u00ednense lo que va a suceder en los juicios laborales con este nuevo presidente!\u00bb.<\/p>\n<p style=\"text-align: justify;\">Por tal motivo, convoc\u00f3 a sus colegas juristas a \u00abno permitir la imposicion de un po\u00edtico como presidente de la junta\u00bb. As\u00ed mismo, le extra\u00f1\u00f3 \u00a0que el secretario del Trabajo, Luis Armando Ba\u00f1os, conocedor de la materia, hubiera permita tal imposicion.<\/p>\n<p style=\"text-align: justify;\">\u00abSi al Lic. Ba\u00f1os no lo toman en cuenta para designan al personal especializado en la materia del derecho del trabajo, \u00a1que por dignidad renuncie!, para que no pase a ser (solo) un secretario decorativo\u00bb.<\/p>\n<p style=\"text-align: justify;\"><strong>NOMBRAMIENTO ILEGAL Y ARBITRARIO | BARRA DE ABOGADOS<\/strong><\/p>\n<p style=\"text-align: justify;\"><img loading=\"lazy\" decoding=\"async\" class=\"alignleft size-medium wp-image-1235384\" src=\"https:\/\/www.acapulco.press\/wp-content\/uploads\/2021\/12\/BARRA-DE-ABOGADOS-ACAPULCO-copia-375x620.jpg\" alt=\"\" width=\"375\" height=\"620\" \/>Germ\u00e1n Far\u00edas Silvestre fue oficialmente designado presidente de la Junta Local de Conciliaci\u00f3n y Arbitraje 01 de Acapulco por la gobernadora Evelyn Cecia Salgado Pineda el 1 de diciembre de 2021. Avaron su nombramiento el secretario del Trabajo y Previsi\u00f3n Social, Luis Armando Ba\u00f1os Rend\u00f3n, y el secretario general de Gobierno, Sa\u00fal L\u00f3pez Sollano.<\/p>\n<p style=\"text-align: justify;\">Sin embargo, hasta la\u00a0Barra de Abogados de Acapulco reproch\u00f3 tal nombramiento por ilegal y arbitrario.<\/p>\n<p style=\"text-align: justify;\">En una misiva firmada por Adri\u00e1n Cruz Vagas, en calidad de presidenede la Barra de Acapulco Colegio de Acapulco, y Pablo Andal\u00f3n Soteo, secretario, el grupo colegiado de juristas le dice a la gobernadora y quienes avalaron la &#8216;impoisici\u00f3n&#8217; de Far\u00edas Silvestres que reconsiderenla remoci\u00f3n de Francisca Casto Romero como titular de la primera JLCyA en Acapulco, de la cual exigen se repesten sus derechos humanos y laborales, asas\u00ed como la designaci\u00f3n del nuevo titular de la Primera Junta Local de Conciliaci\u00f3n y Arbitraje con sede en Acapulco, pues dicho nombramiento pisotea el marco de la legalidad.<\/p>\n<p style=\"text-align: justify;\">Cruz Vagas rese\u00f1a que desde marzo del 2020 las juntas locales de Conciliaci\u00f3n y Arbitraje en el Estado de Guerrero estuvieron casi un a\u00f1o cerradas y no hubo sensibilidad por parte de ninguna autoridades de los tres niveles de gobierno para poder restablecer la justicia en materia laboral, ni mucho menos para implementar acciones que trajeran, como consecuencia, que los justiciables tuvieran acceso a ese rubro. \u00ab\u00a1Por el contrario, existi\u00f3 un retraso considerable en la prosecuci\u00f3n procesal de las acciones que en esas instancias impartidoras de justicia exist\u00eda!\u00bb Y lo que es peor, se restablecieton las actividades hace unos meses pero con un \u00abexcente y notable retroceso en materia\u00bb de derecho laboral.<\/p>\n<p style=\"text-align: justify;\">Para la Barra de Abogados, la designaci\u00f3n de Germ\u00e1n Silvestre Far\u00edas \u00abmarca de nueva cuenta un retroceso importante en la administraci\u00f3n de justicia laboral, por la falta de conocimiento y experiencia en el derecho laboral\u00bb. Y no solo eso, \u00abtambi\u00e9n se violentan de manera directa los art\u00edculos 58, fracci\u00f3n II, y 59 del <em>Reglamento Interior<\/em> de las Juntas Locales de Conciliaci\u00f3n y Arbitraje del Estado de Guerrero\u00bb.<\/p>\n<p style=\"text-align: justify;\">La fracci\u00f3n II del Art\u00edculo 58 de dicho reglamente precisa que el aspirante deber\u00e1 satisfacer los requisitos <img loading=\"lazy\" decoding=\"async\" class=\"alignleft size-medium wp-image-1235370\" src=\"https:\/\/www.acapulco.press\/wp-content\/uploads\/2021\/12\/BARRA-DE-ABOGADOS-ACAPULCO2-copia-375x592.jpg\" alt=\"\" width=\"375\" height=\"592\" \/>siguientes: \u00abTener t\u00edtulo, legalmente expedido, de Licenciatura en Derecho y un \u00abejercicio profesional de cuando menos cinco a\u00f1os\u00bb en la materia, adem\u00e1s \u00abdeber\u00e1 presentar y aprobar el ex\u00e1men de oposici\u00f3n\u00bb.<\/p>\n<p style=\"text-align: justify;\">El Art\u00edculo 59 declara que \u00abel pleno de cada junta local, adem\u00e1s del director general del Trabajo y Previsi\u00f3n Social &#8211;no la gobernadora&#8211;, evaluar\u00e1n para los ingresos o ascensos (para Presiente) los siguientes aspectos: \u00abHaber aprobado el examen de oposici\u00f3n, la antig\u00fcedad en el servicio, el grado curricular, la honradez, la rectitud, la constancia y el profesionalismo\u00bb.<\/p>\n<p style=\"text-align: justify;\">Y si bien es cierto (que) los aspirantes pueden ser nombrados, removidos y cambiados de adscripi\u00f3n por el titular del Poder Ejecutivo del Estado, de acuerdo a las facultades que le confiere el Art\u00edculo 633 de la Ley de la Materia, en correlaci\u00f3n con el numeral 14 de la Ley Org\u00e1nica de la Administraci\u00f3n P\u00fablica Estatal, \u00abtambien es cierto e importante que deben cumplirse los requisitos de procedibilidad\u00bb y \u00abestar legitimados\u00bb para ser designados, de lo contrario, \u00abse violentar\u00eda el Estado de Derecho que se pugna\u00bb, precisa el documento girado hoy, 7 de diciembre, a la gobernadora del estado.<\/p>\n<p style=\"text-align: justify;\">En suma, por tal designaci\u00f3n ileal y arbitraria, la <em>Barra de Acapulco, Colegio de Abogados, A.C<\/em>., exige el \u00abcumplimiento estricto de las normas que rigen la designaci\u00f3n de los funcionarios de las juntas locales, con el respeto irrestricto al Servicio Civil de Carrera en la materia que se trate, pues solo con esto se podr\u00e1 tener un mejor desempe\u00f1o de la gesti\u00f3n p\u00fablica y mejor visi\u00f3n conceptual sobre el tema.\u00a0El Servicio Civil de Carrea representa un elemento primordial para fomentar y fortalecer el comportamiento \u00e9tico en los servidores p\u00fablicos y la excelencia en el desempe\u00f1o de sus funciones\u00bb.<\/p>\n<p style=\"text-align: justify;\">Por lo tanto, \u00abesperemos reconsidere el Ejecutivo del Estado y las autoridades en materia del trabajo la remoci\u00f3n de la Lic. Francisca Casto Romero &#8211;a quien califican de eficiente y profesionalmente apta para el puesto de presidenta de la JLCyA&#8211;,as\u00ed como la designaci\u00f3n del nuevo titular de la Primera Junta Local de Conciliaci\u00f3n y Arbitraje con sede en Acapulco\u00bb, para que se respete el marco de la legalidad, suscriben\u00a0Adri\u00e1n Cruz Vagas y Pablo Andal\u00f3n Sotelo.<br \/>\n<strong><img loading=\"lazy\" decoding=\"async\" class=\"alignleft size-medium wp-image-1235371\" src=\"https:\/\/www.acapulco.press\/wp-content\/uploads\/2021\/12\/BARRA-DE-ABOGADOS-ACAPULCO3-copia-375x518.jpg\" alt=\"\" width=\"375\" height=\"518\" \/>www.acapulco.press<\/strong><\/p>\n","protected":false},"excerpt":{"rendered":"<p>\u00bb \u00c1ngel Blanco . ACAPULCO, Gro.. * 7 de diciembre de 2021. ) Acapulco Press. La imposici\u00f3n de la gobernadora Evelyn Salgado del experredista Germ\u00e1n Far\u00edas Silvestre como presidente de la Junta Local de Conciliaci\u00f3n y Arbitraje 01 de Acapulco es totalmente ilegal y arbitraria, suscribieron juristas laborales y postulantes del puerto. Al exdirector de&#8230;<\/p>\n","protected":false},"author":2,"featured_media":1235383,"comment_status":"closed","ping_status":"closed","sticky":false,"template":"","format":"standard","meta":{"footnotes":""},"categories":[1972,1997],"tags":[3289,4848,8251,9179,11355,14125,15775],"class_list":["post-1235367","post","type-post","status-publish","format-standard","has-post-thumbnail","hentry","category-special","category-noticias-destacadas","tag-adrian-cruz-vagas","tag-brayan-yoshimar-farias-benitez","tag-evelyn-salgado-pineda","tag-german-farias-silvestre","tag-junta-local-de-conciliacion-y-arbitraje-01-de-acapulco","tag-pablo-andalon-sotelo","tag-romelio-contreras-sanchez"],"_links":{"self":[{"href":"https:\/\/www.acapulcopress.com\/index.php\/wp-json\/wp\/v2\/posts\/1235367","targetHints":{"allow":["GET"]}}],"collection":[{"href":"https:\/\/www.acapulcopress.com\/index.php\/wp-json\/wp\/v2\/posts"}],"about":[{"href":"https:\/\/www.acapulcopress.com\/index.php\/wp-json\/wp\/v2\/types\/post"}],"author":[{"embeddable":true,"href":"https:\/\/www.acapulcopress.com\/index.php\/wp-json\/wp\/v2\/users\/2"}],"replies":[{"embeddable":true,"href":"https:\/\/www.acapulcopress.com\/index.php\/wp-json\/wp\/v2\/comments?post=1235367"}],"version-history":[{"count":0,"href":"https:\/\/www.acapulcopress.com\/index.php\/wp-json\/wp\/v2\/posts\/1235367\/revisions"}],"wp:featuredmedia":[{"embeddable":true,"href":"https:\/\/www.acapulcopress.com\/index.php\/wp-json\/"}],"wp:attachment":[{"href":"https:\/\/www.acapulcopress.com\/index.php\/wp-json\/wp\/v2\/media?parent=1235367"}],"wp:term":[{"taxonomy":"category","embeddable":true,"href":"https:\/\/www.acapulcopress.com\/index.php\/wp-json\/wp\/v2\/categories?post=1235367"},{"taxonomy":"post_tag","embeddable":true,"href":"https:\/\/www.acapulcopress.com\/index.php\/wp-json\/wp\/v2\/tags?post=1235367"}],"curies":[{"name":"wp","href":"https:\/\/api.w.org\/{rel}","templated":true}]}}