{"id":1235368,"date":"2021-12-07T19:28:36","date_gmt":"2021-12-08T01:28:36","guid":{"rendered":"https:\/\/www.acapulco.press\/?p=1235368"},"modified":"2021-12-07T19:28:36","modified_gmt":"2021-12-08T01:28:36","slug":"titular-de-seg-y-representantes-de-unicef-recorren-escuelas-de-la-capital","status":"publish","type":"post","link":"https:\/\/www.acapulcopress.com\/index.php\/2021\/12\/07\/titular-de-seg-y-representantes-de-unicef-recorren-escuelas-de-la-capital\/","title":{"rendered":"Titular de SEG y representantes de Unicef recorren escuelas de la capital"},"content":{"rendered":"<figure id=\"attachment_1235375\" aria-describedby=\"caption-attachment-1235375\" style=\"width: 375px\" class=\"wp-caption alignleft\"><img loading=\"lazy\" decoding=\"async\" class=\"wp-image-1235375 size-medium\" src=\"https:\/\/www.acapulco.press\/wp-content\/uploads\/2021\/12\/MARCIAL-RS-UNICEF2-375x237.jpg\" alt=\"\" width=\"375\" height=\"237\" \/><figcaption id=\"caption-attachment-1235375\" class=\"wp-caption-text\"><strong>Marcial Rodr\u00edguez, secretario de Educaci\u00f3n de Guerrero, con el representante de Unicef en M\u00e9xico, Fernando Carrera.<\/strong><\/figcaption><\/figure>\n<p style=\"text-align: justify;\">\nCHILPANCINGO. * 7 de diciembre de 2021.<br \/>\n<em>) Video: Cortes\u00eda de SEG.<br \/>\n<\/em>Por indicaciones de la gobernadora Evelyn Salgado Pineda, el secretario de educaci\u00f3n en la entidad, Marcial Rodr\u00edguez Salda\u00f1a, y funcionarios de esta dependencia recorrieron junto a representantes del Fondo de las Naciones Unidas para la Infancia (Unicef) las escuelas primarias \u00abPrimer Congreso de Anahuac\u00bb y \u00abSiervo de la Naci\u00f3n\u00bb. En est\u00e1 \u00faltima verificaron que existiera material antiCovid, como gel antibacterial, term\u00f3metro de pistola y l\u00edquido sanitizante.<\/p>\n<p style=\"text-align: justify;\">Rodr\u00edguez Salda\u00f1a agradeci\u00f3 a la empresa <em>MetLife<\/em> su apoyo para la instalaci\u00f3n de centros de lavado de manos que fomentan la limpieza de las ni\u00f1as y ni\u00f1os como una medida para proteger su salud al interior de las escuelas.<\/p>\n<p style=\"text-align: justify;\">Asistieron a dicho evento el subsecretario de educaci\u00f3n b\u00e1sica, Ricardo Castillo Pe\u00f1a; el enlace de educaci\u00f3n, Luis Miguel Carvajal, y la jefa de educaci\u00f3n, Astrid Hollander, ambos de Unicef, as\u00ed como el director de mercados de <em>MetLife M\u00e9xico,<\/em> Alejandro Cruz Luj\u00e1n; el director comercial del grupo KC, Luis Gerardo Castro Onofre; el jefe de supervisores, Roberto Hesiquio Gonz\u00e1lez; el director de la primaria \u00abSiervo de la Naci\u00f3n\u00bb, Enrique \u00c1ngel Garc\u00eda, y la presidenta de la Asociaci\u00f3n de Madres y Padres de Familia.<\/p>\n<div style=\"width: 640px;\" class=\"wp-video\"><video class=\"wp-video-shortcode\" id=\"video-1235368-1\" width=\"640\" height=\"368\" preload=\"metadata\" controls=\"controls\"><source type=\"video\/mp4\" src=\"https:\/\/www.acapulco.press\/wp-content\/uploads\/2021\/12\/MARCIAL-RS-UNICEF.mp4?_=1\" \/><a href=\"https:\/\/www.acapulco.press\/wp-content\/uploads\/2021\/12\/MARCIAL-RS-UNICEF.mp4\">https:\/\/www.acapulco.press\/wp-content\/uploads\/2021\/12\/MARCIAL-RS-UNICEF.mp4<\/a><\/video><\/div>\n","protected":false},"excerpt":{"rendered":"<p>CHILPANCINGO. * 7 de diciembre de 2021. ) Video: Cortes\u00eda de SEG. Por indicaciones de la gobernadora Evelyn Salgado Pineda, el secretario de educaci\u00f3n en la entidad, Marcial Rodr\u00edguez Salda\u00f1a, y funcionarios de esta dependencia recorrieron junto a representantes del Fondo de las Naciones Unidas para la Infancia (Unicef) las escuelas primarias \u00abPrimer Congreso de&#8230;<\/p>\n","protected":false},"author":2,"featured_media":1235373,"comment_status":"closed","ping_status":"closed","sticky":false,"template":"","format":"standard","meta":{"footnotes":""},"categories":[1969,1972,2081],"tags":[3528,8251,8770,12457,12993],"class_list":["post-1235368","post","type-post","status-publish","format-standard","has-post-thumbnail","hentry","category-trending","category-special","category-seg","tag-alejandro-cruz-lujan","tag-evelyn-salgado-pineda","tag-fondo-de-las-naciones-unidas-para-la-infancia-unicef","tag-marcial-rodriguez-saldana","tag-metlife"],"_links":{"self":[{"href":"https:\/\/www.acapulcopress.com\/index.php\/wp-json\/wp\/v2\/posts\/1235368","targetHints":{"allow":["GET"]}}],"collection":[{"href":"https:\/\/www.acapulcopress.com\/index.php\/wp-json\/wp\/v2\/posts"}],"about":[{"href":"https:\/\/www.acapulcopress.com\/index.php\/wp-json\/wp\/v2\/types\/post"}],"author":[{"embeddable":true,"href":"https:\/\/www.acapulcopress.com\/index.php\/wp-json\/wp\/v2\/users\/2"}],"replies":[{"embeddable":true,"href":"https:\/\/www.acapulcopress.com\/index.php\/wp-json\/wp\/v2\/comments?post=1235368"}],"version-history":[{"count":0,"href":"https:\/\/www.acapulcopress.com\/index.php\/wp-json\/wp\/v2\/posts\/1235368\/revisions"}],"wp:featuredmedia":[{"embeddable":true,"href":"https:\/\/www.acapulcopress.com\/index.php\/wp-json\/"}],"wp:attachment":[{"href":"https:\/\/www.acapulcopress.com\/index.php\/wp-json\/wp\/v2\/media?parent=1235368"}],"wp:term":[{"taxonomy":"category","embeddable":true,"href":"https:\/\/www.acapulcopress.com\/index.php\/wp-json\/wp\/v2\/categories?post=1235368"},{"taxonomy":"post_tag","embeddable":true,"href":"https:\/\/www.acapulcopress.com\/index.php\/wp-json\/wp\/v2\/tags?post=1235368"}],"curies":[{"name":"wp","href":"https:\/\/api.w.org\/{rel}","templated":true}]}}