{"id":1235392,"date":"2021-12-07T21:29:16","date_gmt":"2021-12-08T03:29:16","guid":{"rendered":"https:\/\/www.acapulco.press\/?p=1235392"},"modified":"2021-12-07T21:29:16","modified_gmt":"2021-12-08T03:29:16","slug":"se-consolida-manuel-anorve-como-un-senador-con-liderazgo-y-trabajo-legislativo","status":"publish","type":"post","link":"https:\/\/www.acapulcopress.com\/index.php\/2021\/12\/07\/se-consolida-manuel-anorve-como-un-senador-con-liderazgo-y-trabajo-legislativo\/","title":{"rendered":"Se consolida Manuel A\u00f1orve como un Senador con liderazgo y trabajo legislativo"},"content":{"rendered":"<div class=\"\" style=\"text-align: justify;\" data-block=\"true\" data-editor=\"d562g\" data-offset-key=\"7ibi4-0-0\"><\/div>\n<div class=\"\" style=\"text-align: justify;\" data-block=\"true\" data-editor=\"d562g\" data-offset-key=\"3sj2a-0-0\">\n<div class=\"_1mf _1mj\" data-offset-key=\"3sj2a-0-0\">* A\u00f1orve Ba\u00f1os recibe reconocimientos a su trabajo por parte de Alejandro Moreno, Miguel \u00c1ngel Osorio Chong y Ricardo Monreal<\/div>\n<\/div>\n<div class=\"\" style=\"text-align: justify;\" data-block=\"true\" data-editor=\"d562g\" data-offset-key=\"ei5ol-0-0\">\n<div class=\"_1mf _1mj\" data-offset-key=\"ei5ol-0-0\">* \u201dLas ni\u00f1as no se venden\u201d, insiste en su postura y afirma que seguir\u00e1 con su lucha para erradicar la trata de personas y matrimonios forzados<\/div>\n<\/div>\n<div class=\"\" style=\"text-align: justify;\" data-block=\"true\" data-editor=\"d562g\" data-offset-key=\"275v1-0-0\">\n<div class=\"_1mf _1mj\" data-offset-key=\"275v1-0-0\"><span data-offset-key=\"275v1-0-0\">\u00a0<\/span><\/div>\n<\/div>\n<div class=\"\" style=\"text-align: justify;\" data-block=\"true\" data-editor=\"d562g\" data-offset-key=\"7kom1-0-0\">\n<div class=\"_1mf _1mj\" data-offset-key=\"7kom1-0-0\"><span data-offset-key=\"7kom1-0-0\">CIUDAD DE M\u00c9XICO. * 7 de diciembre de 2021.<br \/>\n<em>) Especial.<\/em><br \/>\nEl Senador de la Rep\u00fablica Manuel A\u00f1orve Ba\u00f1os present\u00f3 a trav\u00e9s de su p\u00e1gina oficial de Facebook su Tercer Informe de Actividades Legislativas, donde dio a conocer todas las acciones legislativas y sociales que ha realizado a tres a\u00f1os de haber llegado al Senado. Por su desempe\u00f1o legislativo, el senador guerrerense recibi\u00f3 el reconocimiento de personajes como Alejandro Moreno C\u00e1rdenas, dirigente nacional del PRI; Ricardo Monreal \u00c1vila, Presidente de la Junta de Coordinaci\u00f3n Pol\u00edtica del Senado, y el Coordinador del Grupo Parlamentario del PRI en el Senado, Miguel \u00c1ngel Osorio Chong. <\/span><\/div>\n<\/div>\n<div class=\"\" style=\"text-align: justify;\" data-block=\"true\" data-editor=\"d562g\" data-offset-key=\"9oa2q-0-0\">\n<div class=\"_1mf _1mj\" data-offset-key=\"9oa2q-0-0\"><span data-offset-key=\"9oa2q-0-0\">\u00a0<\/span><\/div>\n<\/div>\n<div class=\"\" style=\"text-align: justify;\" data-block=\"true\" data-editor=\"d562g\" data-offset-key=\"1eknk-0-0\">\n<div class=\"_1mf _1mj\" data-offset-key=\"1eknk-0-0\"><span data-offset-key=\"1eknk-0-0\">Alejandro Moreno C\u00e1rdenas reconoci\u00f3 su trabajo y trayectoria como un referente para los priistas, adem\u00e1s, destac\u00f3 su lealtad y compromiso por los guerrerenses. \u00abEl pueblo de Guerrero tiene en tu persona a un digno representante popular, reconocemos tu desempe\u00f1o en el Senado de la Rep\u00fablica\u00bb, precis\u00f3 el l\u00edder del CEN del PRI, quien a\u00f1adi\u00f3 que Manuel A\u00f1orve es un impulsor del debate de altura y de grandes acuerdos en beneficio de todo el pa\u00eds.<\/span><\/div>\n<\/div>\n<div class=\"\" style=\"text-align: justify;\" data-block=\"true\" data-editor=\"d562g\" data-offset-key=\"4e1d7-0-0\">\n<div class=\"_1mf _1mj\" data-offset-key=\"4e1d7-0-0\"><span data-offset-key=\"4e1d7-0-0\">\u00a0<\/span><\/div>\n<\/div>\n<div class=\"\" style=\"text-align: justify;\" data-block=\"true\" data-editor=\"d562g\" data-offset-key=\"bqct9-0-0\">\n<div class=\"_1mf _1mj\" data-offset-key=\"bqct9-0-0\"><span data-offset-key=\"bqct9-0-0\">En tanto, el coordinador del Grupo Parlamentario del PRI, Miguel \u00c1ngel Osorio Chong, asegur\u00f3 que el legislador guerrerense es un hombre de compromiso, y que siempre est\u00e1 pensando en c\u00f3mo ayudar a resolver los principales problemas de Guerrero.<\/span><\/div>\n<\/div>\n<div class=\"\" style=\"text-align: justify;\" data-block=\"true\" data-editor=\"d562g\" data-offset-key=\"5flu5-0-0\">\n<div class=\"_1mf _1mj\" data-offset-key=\"5flu5-0-0\"><span data-offset-key=\"5flu5-0-0\">\u00a0<\/span><\/div>\n<\/div>\n<div class=\"\" style=\"text-align: justify;\" data-block=\"true\" data-editor=\"d562g\" data-offset-key=\"fhbns-0-0\">\n<div class=\"_1mf _1mj\" data-offset-key=\"fhbns-0-0\"><span data-offset-key=\"fhbns-0-0\">Por su parte, el Presidente de la Junta de Coordinaci\u00f3n Pol\u00edtica del Senado, Ricardo Monreal \u00c1vila, dijo que Manuel A\u00f1orve es un Senador con talento, porque es un Senador que nunca falla, que siempre est\u00e1 pendiente de emitir su voto con libertad y convicci\u00f3n, adem\u00e1s de prepararse y representar dignamente a su entidad. <\/span><\/div>\n<\/div>\n<div class=\"\" style=\"text-align: justify;\" data-block=\"true\" data-editor=\"d562g\" data-offset-key=\"5qqit-0-0\">\n<div class=\"_1mf _1mj\" data-offset-key=\"5qqit-0-0\"><span data-offset-key=\"5qqit-0-0\">\u00a0<\/span><\/div>\n<\/div>\n<div class=\"\" style=\"text-align: justify;\" data-block=\"true\" data-editor=\"d562g\" data-offset-key=\"3t7v3-0-0\">\n<div class=\"_1mf _1mj\" data-offset-key=\"3t7v3-0-0\"><span data-offset-key=\"3t7v3-0-0\">En su Tercer Informe de Actividades Legislativas A\u00f1orve Ba\u00f1os tambi\u00e9n recibi\u00f3 las <\/span><span role=\"none\" data-delight=\"true\"><span data-offset-key=\"3t7v3-1-0\">felicitaciones<\/span><\/span><span data-offset-key=\"3t7v3-2-0\"> de varios compa\u00f1eros Senadores, como Clemente Casta\u00f1eda, Presidente Nacional de Moviemiento Ciudadano, entre otros.<\/span><\/div>\n<\/div>\n<div class=\"\" style=\"text-align: justify;\" data-block=\"true\" data-editor=\"d562g\" data-offset-key=\"b01gp-0-0\">\n<div class=\"_1mf _1mj\" data-offset-key=\"b01gp-0-0\"><span data-offset-key=\"b01gp-0-0\">\u00a0<\/span><\/div>\n<\/div>\n<div class=\"\" style=\"text-align: justify;\" data-block=\"true\" data-editor=\"d562g\" data-offset-key=\"9oti4-0-0\">\n<div class=\"_1mf _1mj\" data-offset-key=\"9oti4-0-0\"><span data-offset-key=\"9oti4-0-0\">Durante su intervenci\u00f3n, Manuel A\u00f1orve, dijo que se deben buscar los acuerdos con la gobernadora Evelyn Salgado Pineda y apoyarla para que a Guerrero le vaya bien y contin\u00fae el desarrollo de la entidad. <\/span><\/div>\n<\/div>\n<div class=\"\" style=\"text-align: justify;\" data-block=\"true\" data-editor=\"d562g\" data-offset-key=\"al7kb-0-0\">\n<div class=\"_1mf _1mj\" data-offset-key=\"al7kb-0-0\"><span data-offset-key=\"al7kb-0-0\">\u00a0<\/span><\/div>\n<\/div>\n<div class=\"\" style=\"text-align: justify;\" data-block=\"true\" data-editor=\"d562g\" data-offset-key=\"cdqf1-0-0\">\n<div class=\"_1mf _1mj\" data-offset-key=\"cdqf1-0-0\"><span data-offset-key=\"cdqf1-0-0\">Insisti\u00f3 en su postura en contra de la trata de personas y los matrimonios forzados, por lo que fue enf\u00e1tico en su lucha, diciendo fuerte y claro que \u00ablas ni\u00f1as no se venden\u00bb.<\/span><\/div>\n<\/div>\n<div class=\"\" style=\"text-align: justify;\" data-block=\"true\" data-editor=\"d562g\" data-offset-key=\"7npnc-0-0\">\n<div class=\"_1mf _1mj\" data-offset-key=\"7npnc-0-0\"><span data-offset-key=\"7npnc-0-0\">\u00a0<\/span><\/div>\n<\/div>\n<div class=\"\" style=\"text-align: justify;\" data-block=\"true\" data-editor=\"d562g\" data-offset-key=\"bbt0u-0-0\">\n<div class=\"_1mf _1mj\" data-offset-key=\"bbt0u-0-0\"><span data-offset-key=\"bbt0u-0-0\">Adem\u00e1s, abord\u00f3 temas como los se\u00f1alamientos que ha realizado al subsecretario de Salud Federal, Hugo L\u00f3pez-Gatell, por el mal manejo de la pandemia en M\u00e9xico, que desafortunadamente ha cobrado la vida de miles de mexicanos.<\/span><\/div>\n<\/div>\n<div class=\"\" style=\"text-align: justify;\" data-block=\"true\" data-editor=\"d562g\" data-offset-key=\"3j1bd-0-0\">\n<div class=\"_1mf _1mj\" data-offset-key=\"3j1bd-0-0\"><span data-offset-key=\"3j1bd-0-0\">\u00a0<\/span><\/div>\n<\/div>\n<div class=\"\" style=\"text-align: justify;\" data-block=\"true\" data-editor=\"d562g\" data-offset-key=\"6nr8v-0-0\">\n<div class=\"_1mf _1mj\" data-offset-key=\"6nr8v-0-0\"><span data-offset-key=\"6nr8v-0-0\">Tambi\u00e9n puntualiz\u00f3 que seguir\u00e1 siendo insistente para que la Federaci\u00f3n otorgue los recursos suficientes a todas las personas que resultaron afectadas por fen\u00f3menos naturales, ya que hasta el momento, la ayuda que han dado ha sido poca y lenta.<\/span><\/div>\n<\/div>\n<div class=\"\" style=\"text-align: justify;\" data-block=\"true\" data-editor=\"d562g\" data-offset-key=\"8hf39-0-0\">\n<div class=\"_1mf _1mj\" data-offset-key=\"8hf39-0-0\"><span data-offset-key=\"8hf39-0-0\">\u00a0<\/span><\/div>\n<\/div>\n<div class=\"\" data-block=\"true\" data-editor=\"d562g\" data-offset-key=\"djdje-0-0\">\n<div class=\"_1mf _1mj\" style=\"text-align: justify;\" data-offset-key=\"djdje-0-0\">\n<p><span data-offset-key=\"djdje-0-0\">Finalmente, el Senador A\u00f1orve se comprometi\u00f3 a seguir con su trabajo legislativo en favor de los guerrerenses, as\u00ed como con su trabajo social, el cual lleva realizando desde hace m\u00e1s de treinta a\u00f1os con acciones como la entrega de lentes gratuitos por medio del Programa Rayito de Luz, la entrega de material para mejoramiento de las viviendas, como tinacos y l\u00e1minas, adem\u00e1s de apoyos a deportistas, ganaderos, pescadores, madres solteras, entre otros.<\/span><\/p>\n<p><code><iframe loading=\"lazy\" style=\"border: none; overflow: hidden;\" src=\"https:\/\/www.facebook.com\/plugins\/video.php?height=314&amp;href=https%3A%2F%2Fwww.facebook.com%2Fangelblanco.press%2Fvideos%2F980393312548161%2F&amp;show_text=false&amp;width=560&amp;t=0\" width=\"560\" height=\"314\" frameborder=\"0\" scrolling=\"no\" allowfullscreen=\"allowfullscreen\"><\/iframe><\/code><\/p>\n<\/div>\n<\/div>\n","protected":false},"excerpt":{"rendered":"<p>* A\u00f1orve Ba\u00f1os recibe reconocimientos a su trabajo por parte de Alejandro Moreno, Miguel \u00c1ngel Osorio Chong y Ricardo Monreal * \u201dLas ni\u00f1as no se venden\u201d, insiste en su postura y afirma que seguir\u00e1 con su lucha para erradicar la trata de personas y matrimonios forzados \u00a0 CIUDAD DE M\u00c9XICO. * 7 de diciembre de&#8230;<\/p>\n","protected":false},"author":2,"featured_media":1235393,"comment_status":"closed","ping_status":"closed","sticky":false,"template":"","format":"standard","meta":{"footnotes":""},"categories":[61,18561],"tags":[6374,12366,16471],"class_list":["post-1235392","post","type-post","status-publish","format-standard","has-post-thumbnail","hentry","category-legislacion","category-society-politics","tag-congreso-de-la-union","tag-manuel-anorve-banos","tag-senado-de-la-republica"],"_links":{"self":[{"href":"https:\/\/www.acapulcopress.com\/index.php\/wp-json\/wp\/v2\/posts\/1235392","targetHints":{"allow":["GET"]}}],"collection":[{"href":"https:\/\/www.acapulcopress.com\/index.php\/wp-json\/wp\/v2\/posts"}],"about":[{"href":"https:\/\/www.acapulcopress.com\/index.php\/wp-json\/wp\/v2\/types\/post"}],"author":[{"embeddable":true,"href":"https:\/\/www.acapulcopress.com\/index.php\/wp-json\/wp\/v2\/users\/2"}],"replies":[{"embeddable":true,"href":"https:\/\/www.acapulcopress.com\/index.php\/wp-json\/wp\/v2\/comments?post=1235392"}],"version-history":[{"count":0,"href":"https:\/\/www.acapulcopress.com\/index.php\/wp-json\/wp\/v2\/posts\/1235392\/revisions"}],"wp:featuredmedia":[{"embeddable":true,"href":"https:\/\/www.acapulcopress.com\/index.php\/wp-json\/"}],"wp:attachment":[{"href":"https:\/\/www.acapulcopress.com\/index.php\/wp-json\/wp\/v2\/media?parent=1235392"}],"wp:term":[{"taxonomy":"category","embeddable":true,"href":"https:\/\/www.acapulcopress.com\/index.php\/wp-json\/wp\/v2\/categories?post=1235392"},{"taxonomy":"post_tag","embeddable":true,"href":"https:\/\/www.acapulcopress.com\/index.php\/wp-json\/wp\/v2\/tags?post=1235392"}],"curies":[{"name":"wp","href":"https:\/\/api.w.org\/{rel}","templated":true}]}}