{"id":1235419,"date":"2021-12-07T23:37:52","date_gmt":"2021-12-08T05:37:52","guid":{"rendered":"https:\/\/www.acapulco.press\/?p=1235419"},"modified":"2021-12-07T23:37:52","modified_gmt":"2021-12-08T05:37:52","slug":"vinculas-a-proceso-a-feminicidas-de-una-enfermera-de-pie-de-la-cuesta","status":"publish","type":"post","link":"https:\/\/www.acapulcopress.com\/index.php\/2021\/12\/07\/vinculas-a-proceso-a-feminicidas-de-una-enfermera-de-pie-de-la-cuesta\/","title":{"rendered":"Vinculas a proceso a feminicidas de una enfermera de Pie de la Cuesta"},"content":{"rendered":"<p style=\"text-align: justify;\">CHILPANCINGO. * 7 de diciembre de 2021.<br \/>\n<em>) FGE.<\/em><br \/>\nEl Ministro P\u00fablico en Acapulco obtuvo vinculaci\u00f3n a proceso en contra de Miguel \u00abN\u00bb y Rafael \u00abN\u00bb, alias \u00abEl Macaco\u00bb, como probables responsables del delito de feminicidio en agravio de Gabriela \u00abN\u00bb, hechos el pasado 5 de noviembre del presente a\u00f1o.<\/p>\n<p style=\"text-align: justify;\">De acuerdo a los hechos en la carpeta judicial C-739\/2021, la joven se desempe\u00f1aba como enfermera en el sanatorio Sagrado Coraz\u00f3n de Jes\u00fas, ubicado en Pie de la Cuesta, y ese d\u00eda se comunic\u00f3 v\u00eda telef\u00f3nica con sus familiares para avisar que saldr\u00eda de trabajar a las 21:00 horas, que pasar\u00eda por ella su novio (Miguel \u00abN\u00bb) y llegar\u00eda tarde a casa, sin embargo no lleg\u00f3 y comenz\u00f3 la b\u00fasqueda.<\/p>\n<p style=\"text-align: justify;\">En celebraci\u00f3n de la audiencia inicial, el Ministerio P\u00fablico aport\u00f3 los datos de prueba ante el Juez de Control obteniendo vinculaci\u00f3n a proceso en contra de los imputados en menci\u00f3n como probables responsables del delito de feminicidio.<\/p>\n<p style=\"text-align: justify;\">El Juez otorg\u00f3 tres meses de investigaci\u00f3n complementaria, quedando Miguel \u00abN\u00bb y Rafael \u00abN\u00bb bajo la medida cautelar de prisi\u00f3n preventiva en el Centro de Reinserci\u00f3n Social de Acapulco, Guerrero.<\/p>\n","protected":false},"excerpt":{"rendered":"<p>CHILPANCINGO. * 7 de diciembre de 2021. ) FGE. El Ministro P\u00fablico en Acapulco obtuvo vinculaci\u00f3n a proceso en contra de Miguel \u00abN\u00bb y Rafael \u00abN\u00bb, alias \u00abEl Macaco\u00bb, como probables responsables del delito de feminicidio en agravio de Gabriela \u00abN\u00bb, hechos el pasado 5 de noviembre del presente a\u00f1o. De acuerdo a los hechos&#8230;<\/p>\n","protected":false},"author":2,"featured_media":1235420,"comment_status":"closed","ping_status":"closed","sticky":false,"template":"","format":"standard","meta":{"footnotes":""},"categories":[1969,2005],"tags":[],"class_list":["post-1235419","post","type-post","status-publish","format-standard","has-post-thumbnail","hentry","category-trending","category-seguridad-y-justicia"],"_links":{"self":[{"href":"https:\/\/www.acapulcopress.com\/index.php\/wp-json\/wp\/v2\/posts\/1235419","targetHints":{"allow":["GET"]}}],"collection":[{"href":"https:\/\/www.acapulcopress.com\/index.php\/wp-json\/wp\/v2\/posts"}],"about":[{"href":"https:\/\/www.acapulcopress.com\/index.php\/wp-json\/wp\/v2\/types\/post"}],"author":[{"embeddable":true,"href":"https:\/\/www.acapulcopress.com\/index.php\/wp-json\/wp\/v2\/users\/2"}],"replies":[{"embeddable":true,"href":"https:\/\/www.acapulcopress.com\/index.php\/wp-json\/wp\/v2\/comments?post=1235419"}],"version-history":[{"count":0,"href":"https:\/\/www.acapulcopress.com\/index.php\/wp-json\/wp\/v2\/posts\/1235419\/revisions"}],"wp:featuredmedia":[{"embeddable":true,"href":"https:\/\/www.acapulcopress.com\/index.php\/wp-json\/"}],"wp:attachment":[{"href":"https:\/\/www.acapulcopress.com\/index.php\/wp-json\/wp\/v2\/media?parent=1235419"}],"wp:term":[{"taxonomy":"category","embeddable":true,"href":"https:\/\/www.acapulcopress.com\/index.php\/wp-json\/wp\/v2\/categories?post=1235419"},{"taxonomy":"post_tag","embeddable":true,"href":"https:\/\/www.acapulcopress.com\/index.php\/wp-json\/wp\/v2\/tags?post=1235419"}],"curies":[{"name":"wp","href":"https:\/\/api.w.org\/{rel}","templated":true}]}}