{"id":1235426,"date":"2021-12-09T18:55:23","date_gmt":"2021-12-10T00:55:23","guid":{"rendered":"https:\/\/www.acapulco.press\/?p=1235426"},"modified":"2021-12-09T18:55:23","modified_gmt":"2021-12-10T00:55:23","slug":"pago-seg-50-de-aguinaldos-a-trabajadores-de-la-educacion-informa-marcial-rodriguez","status":"publish","type":"post","link":"https:\/\/www.acapulcopress.com\/index.php\/2021\/12\/09\/pago-seg-50-de-aguinaldos-a-trabajadores-de-la-educacion-informa-marcial-rodriguez\/","title":{"rendered":"Pag\u00f3 SEG 50% de aguinaldos a trabajadores de la educaci\u00f3n, informa Marcial Rodr\u00edguez"},"content":{"rendered":"<p>CHILPANCINGO. * 9 de diciembre de 2021.<br \/>\n<em>) SEG.<\/em><\/p>\n<p style=\"text-align: justify;\">El secretario de Educaci\u00f3n en Guerrero, Marcial Rodr\u00edguez Salda\u00f1a, anunci\u00f3 que ayer se pag\u00f3 el 50% de aguinaldo a todos los trabajadores del sistema educativo en la entidad.<\/p>\n<p style=\"text-align: justify;\">Rodr\u00edguez Salda\u00f1a afirm\u00f3 que por gestiones de la Gobernadora Evelyn Salgado Pineda se logr\u00f3 concretar el pago del 50% de aguinaldo a los trabajadores de la educaci\u00f3n, sus quincenas de diciembre y el otro 50% de su aguinaldo la primera quincena de enero del 2022.<\/p>\n","protected":false},"excerpt":{"rendered":"<p>CHILPANCINGO. * 9 de diciembre de 2021. ) SEG. El secretario de Educaci\u00f3n en Guerrero, Marcial Rodr\u00edguez Salda\u00f1a, anunci\u00f3 que ayer se pag\u00f3 el 50% de aguinaldo a todos los trabajadores del sistema educativo en la entidad. Rodr\u00edguez Salda\u00f1a afirm\u00f3 que por gestiones de la Gobernadora Evelyn Salgado Pineda se logr\u00f3 concretar el pago del&#8230;<\/p>\n","protected":false},"author":2,"featured_media":1235427,"comment_status":"closed","ping_status":"closed","sticky":false,"template":"","format":"standard","meta":{"footnotes":""},"categories":[1969,2081],"tags":[12459,16169,16362],"class_list":["post-1235426","post","type-post","status-publish","format-standard","has-post-thumbnail","hentry","category-trending","category-seg","tag-marcial-rodriguez-salgada","tag-secretaria-de-educacion-guerrero-seg","tag-seg"],"_links":{"self":[{"href":"https:\/\/www.acapulcopress.com\/index.php\/wp-json\/wp\/v2\/posts\/1235426","targetHints":{"allow":["GET"]}}],"collection":[{"href":"https:\/\/www.acapulcopress.com\/index.php\/wp-json\/wp\/v2\/posts"}],"about":[{"href":"https:\/\/www.acapulcopress.com\/index.php\/wp-json\/wp\/v2\/types\/post"}],"author":[{"embeddable":true,"href":"https:\/\/www.acapulcopress.com\/index.php\/wp-json\/wp\/v2\/users\/2"}],"replies":[{"embeddable":true,"href":"https:\/\/www.acapulcopress.com\/index.php\/wp-json\/wp\/v2\/comments?post=1235426"}],"version-history":[{"count":0,"href":"https:\/\/www.acapulcopress.com\/index.php\/wp-json\/wp\/v2\/posts\/1235426\/revisions"}],"wp:featuredmedia":[{"embeddable":true,"href":"https:\/\/www.acapulcopress.com\/index.php\/wp-json\/"}],"wp:attachment":[{"href":"https:\/\/www.acapulcopress.com\/index.php\/wp-json\/wp\/v2\/media?parent=1235426"}],"wp:term":[{"taxonomy":"category","embeddable":true,"href":"https:\/\/www.acapulcopress.com\/index.php\/wp-json\/wp\/v2\/categories?post=1235426"},{"taxonomy":"post_tag","embeddable":true,"href":"https:\/\/www.acapulcopress.com\/index.php\/wp-json\/wp\/v2\/tags?post=1235426"}],"curies":[{"name":"wp","href":"https:\/\/api.w.org\/{rel}","templated":true}]}}