{"id":1235434,"date":"2021-12-09T19:41:32","date_gmt":"2021-12-10T01:41:32","guid":{"rendered":"https:\/\/www.acapulco.press\/?p=1235434"},"modified":"2021-12-09T19:41:32","modified_gmt":"2021-12-10T01:41:32","slug":"unicef-y-secretario-de-educacion-visitan-escuelas-de-la-montana","status":"publish","type":"post","link":"https:\/\/www.acapulcopress.com\/index.php\/2021\/12\/09\/unicef-y-secretario-de-educacion-visitan-escuelas-de-la-montana\/","title":{"rendered":"Unicef y secretario de Educaci\u00f3n visitan escuelas de la Monta\u00f1a"},"content":{"rendered":"<p>CHILAPA DE \u00c1LVAREZ. * 9 de diciembre de 2021.<br \/>\n<em>) SEG.<\/em><\/p>\n<p style=\"text-align: justify;\"><img loading=\"lazy\" decoding=\"async\" class=\"alignleft size-medium wp-image-1235429\" src=\"https:\/\/www.acapulco.press\/wp-content\/uploads\/2021\/12\/seg-unicef-375x179.jpg\" alt=\"\" width=\"375\" height=\"179\" \/>Marcial Rodr\u00edguez Salda\u00f1a, secretario de Educaci\u00f3n en Guerrero,\u00a0 y una delegaci\u00f3n del Fondo de las Naciones Unidas para la Ni\u00f1ez (Unicef), visitaron la escuela primaria biling\u00fce \u00abAcamapichtli\u00bb, con el objetivo de verificar los avances del programa de literacidad y el estudio de la lengua nahualt.<\/p>\n<p style=\"text-align: justify;\">Rodr\u00edguez Salda\u00f1a dijo que esta visita forma parte de las acciones derivadas del convenio que firm\u00f3 la Gobernadora Evelyn Salgado Pineda con Unicef para fortalecer y conservar el estudio de las leguas de los pueblos originarios.<\/p>\n<p style=\"text-align: justify;\">Tambi\u00e9n, personal directivo de la SEG visit\u00f3 la escuela primaria biling\u00fce \u00abAmelia Robles \u00c1vila\u00bb. En ambos eventos fueron recibido por ni\u00f1as, ni\u00f1os, madres y padres de familia, docentes, comisarios municipales y directivos de las escuelas.<\/p>\n<div style=\"width: 640px;\" class=\"wp-video\"><video class=\"wp-video-shortcode\" id=\"video-1235434-1\" width=\"640\" height=\"352\" preload=\"metadata\" controls=\"controls\"><source type=\"video\/mp4\" src=\"https:\/\/www.acapulco.press\/wp-content\/uploads\/2021\/12\/seg-unicef-montana.mp4?_=1\" \/><a href=\"https:\/\/www.acapulco.press\/wp-content\/uploads\/2021\/12\/seg-unicef-montana.mp4\">https:\/\/www.acapulco.press\/wp-content\/uploads\/2021\/12\/seg-unicef-montana.mp4<\/a><\/video><\/div>\n","protected":false},"excerpt":{"rendered":"<p>CHILAPA DE \u00c1LVAREZ. * 9 de diciembre de 2021. ) SEG. Marcial Rodr\u00edguez Salda\u00f1a, secretario de Educaci\u00f3n en Guerrero,\u00a0 y una delegaci\u00f3n del Fondo de las Naciones Unidas para la Ni\u00f1ez (Unicef), visitaron la escuela primaria biling\u00fce \u00abAcamapichtli\u00bb, con el objetivo de verificar los avances del programa de literacidad y el estudio de la lengua&#8230;<\/p>\n","protected":false},"author":2,"featured_media":1235429,"comment_status":"closed","ping_status":"closed","sticky":false,"template":"","format":"standard","meta":{"footnotes":""},"categories":[1969,2081],"tags":[8771,12459,16169,16362],"class_list":["post-1235434","post","type-post","status-publish","format-standard","has-post-thumbnail","hentry","category-trending","category-seg","tag-fondo-de-las-naciones-unidas-para-la-ninez-unicef","tag-marcial-rodriguez-salgada","tag-secretaria-de-educacion-guerrero-seg","tag-seg"],"_links":{"self":[{"href":"https:\/\/www.acapulcopress.com\/index.php\/wp-json\/wp\/v2\/posts\/1235434","targetHints":{"allow":["GET"]}}],"collection":[{"href":"https:\/\/www.acapulcopress.com\/index.php\/wp-json\/wp\/v2\/posts"}],"about":[{"href":"https:\/\/www.acapulcopress.com\/index.php\/wp-json\/wp\/v2\/types\/post"}],"author":[{"embeddable":true,"href":"https:\/\/www.acapulcopress.com\/index.php\/wp-json\/wp\/v2\/users\/2"}],"replies":[{"embeddable":true,"href":"https:\/\/www.acapulcopress.com\/index.php\/wp-json\/wp\/v2\/comments?post=1235434"}],"version-history":[{"count":0,"href":"https:\/\/www.acapulcopress.com\/index.php\/wp-json\/wp\/v2\/posts\/1235434\/revisions"}],"wp:featuredmedia":[{"embeddable":true,"href":"https:\/\/www.acapulcopress.com\/index.php\/wp-json\/"}],"wp:attachment":[{"href":"https:\/\/www.acapulcopress.com\/index.php\/wp-json\/wp\/v2\/media?parent=1235434"}],"wp:term":[{"taxonomy":"category","embeddable":true,"href":"https:\/\/www.acapulcopress.com\/index.php\/wp-json\/wp\/v2\/categories?post=1235434"},{"taxonomy":"post_tag","embeddable":true,"href":"https:\/\/www.acapulcopress.com\/index.php\/wp-json\/wp\/v2\/tags?post=1235434"}],"curies":[{"name":"wp","href":"https:\/\/api.w.org\/{rel}","templated":true}]}}