{"id":1235439,"date":"2021-12-09T20:13:14","date_gmt":"2021-12-10T02:13:14","guid":{"rendered":"https:\/\/www.acapulco.press\/?p=1235439"},"modified":"2021-12-09T20:13:14","modified_gmt":"2021-12-10T02:13:14","slug":"mueren-49-migrantes-en-accidente-carretero-en-chiapas","status":"publish","type":"post","link":"https:\/\/www.acapulcopress.com\/index.php\/2021\/12\/09\/mueren-49-migrantes-en-accidente-carretero-en-chiapas\/","title":{"rendered":"Mueren 49 migrantes en accidente carretero en Chiapas"},"content":{"rendered":"<p style=\"text-align: justify;\">TUXTLA GUTI\u00c9RREZ. * 9 de diciembre de 2021.<br \/>\n<em>)<a href=\"https:\/\/www.infobae.com\/america\/mexico\/2021\/12\/09\/fuerte-accidente-dejo-decenas-de-migrantes-muertos-y-heridos-en-la-carretera-de-tuxtla-gutierrez-chiapas\/\" target=\"_blank\" rel=\"noopener\"> Infobae<\/a>.<\/em><\/p>\n<p style=\"text-align: justify;\">La tarde de este jueves 9 de diciembre se report\u00f3 la volcadura de un tr\u00e1iler en la carretera Chiapa de Corzo, ubicada en Tuxtla Guti\u00e9rrez, Chiapas, a la altura de la colonia El Refugio. Aunque a\u00fan no se conocen las cifras oficiales del suceso, en las primeras declaraciones de las autoridades se report\u00f3 que, con base en datos <img loading=\"lazy\" decoding=\"async\" class=\"alignleft size-medium wp-image-1235446\" src=\"https:\/\/www.acapulco.press\/wp-content\/uploads\/2021\/12\/migrantes-chis-375x211.jpg\" alt=\"\" width=\"375\" height=\"211\" \/>preliminares, 49 personas perdieron la vida.<\/p>\n<p style=\"text-align: justify;\">De acuerdo a medios locales ubicados en la zona afectada, al interior del veh\u00edculo se transportaban migrantes centroamericanos, en su mayor\u00eda de nacionalidad guatemalteca, que pretend\u00edan cruzar el territorio nacional rumbo a los Estados Unidos; sin embargo, el tr\u00e1iler perdi\u00f3 los frenos y provoc\u00f3 el fat\u00eddico accidente en donde se notificaron alrededor de 45 heridos.<\/p>\n<p style=\"text-align: justify;\">Protecci\u00f3n Civil de Chiapas indic\u00f3 que ya se encuentran atendiendo a las v\u00edctimas en el lugar, adem\u00e1s de transportar a los hospitales cercanos a aquellos que requieran de una atenci\u00f3n m\u00e9dica especializada.<\/p>\n<p style=\"text-align: justify;\"><em>\u201cDe manera preliminar se tiene el registro de 45 personas lesionadas, las cuales son atendidas en el lugar y <img loading=\"lazy\" decoding=\"async\" class=\"alignleft size-medium wp-image-1235445\" src=\"https:\/\/www.acapulco.press\/wp-content\/uploads\/2021\/12\/migrantes-chiapas7-375x211.jpg\" alt=\"\" width=\"375\" height=\"211\" \/>en su caso trasladadas a hospitales de diversos puntos de la regi\u00f3n. Se reportan p\u00e9rdidas humanas, en espera del reporte oficial por parte de las autoridades correspondientes\u201d.<\/em><\/p>\n<p style=\"text-align: justify;\">Minutos despu\u00e9s de darse a conocer la noticia, el gobernador de la entidad federativa, Rutilio Escand\u00f3n, utiliz\u00f3 su cuenta de Twitter para mandar un mensaje de solidaridad a las v\u00edctimas del accidente. Agreg\u00f3 que instruy\u00f3 a las autoridades m\u00e9dicas y de seguridad a dar atenci\u00f3n puntual a los lesionados.<\/p>\n<p style=\"text-align: justify;\">Al final de su corto mensaje, el mandatario local inform\u00f3 que se iniciar\u00e1n las averiguaciones correspondientes para dar con los responsables, as\u00ed como para determinar las diferentes incumbencias de acuerdo a la ley.<\/p>\n<p style=\"text-align: justify;\"><img loading=\"lazy\" decoding=\"async\" class=\"alignleft size-medium wp-image-1235444\" src=\"https:\/\/www.acapulco.press\/wp-content\/uploads\/2021\/12\/migrantes-chiapas5-375x237.webp\" alt=\"\" width=\"375\" height=\"237\" \/>\u201cMi solidaridad con las v\u00edctimas del accidente de tr\u00e1nsito ocurrido en el tramo Chiapa de Corzo-Tuxtla Gtz. He instruido dar puntual atenci\u00f3n y auxilio a las y los lesionados. Se determinar\u00e1n responsabilidades de acuerdo a la ley\u201d, redact\u00f3.<\/p>\n<p style=\"text-align: justify;\">Adem\u00e1s, Protecci\u00f3n Civil de M\u00e9xico dio a conocer que por instrucci\u00f3n del presidente Andr\u00e9s Manuel L\u00f3pez Obrador (AMLO), la coordinadora de la dependencia, Laura Vel\u00e1zquez, y su equipo ya est\u00e1n traslad\u00e1ndose a Chiapa de Corzo para atender la emergencia.<\/p>\n<p style=\"text-align: justify;\">\u201cPor instrucci\u00f3n presidencial, la coordinadora nacional de #Protecci\u00f3nCivilM\u00e9xico y un equipo de trabajo, se trasladan a #ChiapaDeCorzo, #Chiapas; para atender la emergencia suscitada por el accidente vehicular que involucra a hermanos migrantes\u201d, se pudo leer en la cuenta oficial de Twitter.<\/p>\n<p style=\"text-align: justify;\"><img loading=\"lazy\" decoding=\"async\" class=\"alignleft size-medium wp-image-1235442\" src=\"https:\/\/www.acapulco.press\/wp-content\/uploads\/2021\/12\/migrantes-chiapas2-375x211.jpg\" alt=\"\" width=\"375\" height=\"211\" \/>Hasta el momento se report\u00f3 que acudieron a salvaguardar la integridad de los heridos el Equipo de Respuesta Inmediata de la Secretar\u00eda de Protecci\u00f3n Civil (ERI), Secretar\u00eda de Salud Chiapas Oficial, Protecci\u00f3n Civil de Chiapas, bomberos, Cruz Roja Mexicana, Delegaci\u00f3n Chiapas y Guardia Nacional.<\/p>\n<p style=\"text-align: justify;\">Horas m\u00e1s tarde, a trav\u00e9s de sus redes sociales, el presidente L\u00f3pez Obrador se posicion\u00f3 por la tragedia y asegur\u00f3 que es una situaci\u00f3n muy dolorosa; mand\u00f3 abrazo a las v\u00edctimas, as\u00ed como a sus familiares.<\/p>\n<p style=\"text-align: justify;\"><em>\u201cLamento profundamente la tragedia ocasionada por la volcadura de un tr\u00e1iler en Chiapas que transportaba migrantes centroamericanos. Es muy doloroso. Abrazo a los familiares de las v\u00edctimas\u201d.<\/em><\/p>\n<p style=\"text-align: justify;\">En tanto, la Fiscal\u00eda General del Estado (FGE) de Chiapas indic\u00f3 a Infobae M\u00e9xico que el accidente no <img loading=\"lazy\" decoding=\"async\" class=\"alignleft size-medium wp-image-1235441\" src=\"https:\/\/www.acapulco.press\/wp-content\/uploads\/2021\/12\/migrantes-chiapas-375x211.jpg\" alt=\"\" width=\"375\" height=\"211\" \/>corresponder\u00eda a sus atribuciones, debido a que ocurri\u00f3 en un tramo federal, motivo por el cual la investigaci\u00f3n recaer\u00e1 en la Fiscal\u00eda General de la Rep\u00fablica (FGR).<\/p>\n<p style=\"text-align: justify;\">Asimismo, al ser consultada por este portal, la Guardia Nacional report\u00f3 que sus agentes ya se encuentran en el tramo carretero para brindar apoyo vial y permitir el paso de las ambulancias; sin embargo, hasta el momento no cuentan con un informe oficial sobre la cantidad de fallecidos y heridos.<\/p>\n<p style=\"text-align: justify;\">En punto de las 18:15 horas (tiempo del Centro de M\u00e9xico) se report\u00f3 que se concluy\u00f3 con el levantamiento de los cuerpos de los migrantes que perdieron la vida, los cuales son llevados al Servicio M\u00e9dico Forense, mismo que se encuentra ubicado en el Libto. Sur y Calzada Emiliano Zapata en Tuxtla Guti\u00e9rrez, Chiapas.<\/p>\n","protected":false},"excerpt":{"rendered":"<p>TUXTLA GUTI\u00c9RREZ. * 9 de diciembre de 2021. ) Infobae. La tarde de este jueves 9 de diciembre se report\u00f3 la volcadura de un tr\u00e1iler en la carretera Chiapa de Corzo, ubicada en Tuxtla Guti\u00e9rrez, Chiapas, a la altura de la colonia El Refugio. Aunque a\u00fan no se conocen las cifras oficiales del suceso, en&#8230;<\/p>\n","protected":false},"author":2,"featured_media":1235445,"comment_status":"closed","ping_status":"closed","sticky":false,"template":"","format":"standard","meta":{"footnotes":""},"categories":[1969,1972,1989],"tags":[3007,13080],"class_list":["post-1235439","post","type-post","status-publish","format-standard","has-post-thumbnail","hentry","category-trending","category-special","category-noticias-generales","tag-49-migrantes-muertos-chiapas","tag-migrantes"],"_links":{"self":[{"href":"https:\/\/www.acapulcopress.com\/index.php\/wp-json\/wp\/v2\/posts\/1235439","targetHints":{"allow":["GET"]}}],"collection":[{"href":"https:\/\/www.acapulcopress.com\/index.php\/wp-json\/wp\/v2\/posts"}],"about":[{"href":"https:\/\/www.acapulcopress.com\/index.php\/wp-json\/wp\/v2\/types\/post"}],"author":[{"embeddable":true,"href":"https:\/\/www.acapulcopress.com\/index.php\/wp-json\/wp\/v2\/users\/2"}],"replies":[{"embeddable":true,"href":"https:\/\/www.acapulcopress.com\/index.php\/wp-json\/wp\/v2\/comments?post=1235439"}],"version-history":[{"count":0,"href":"https:\/\/www.acapulcopress.com\/index.php\/wp-json\/wp\/v2\/posts\/1235439\/revisions"}],"wp:featuredmedia":[{"embeddable":true,"href":"https:\/\/www.acapulcopress.com\/index.php\/wp-json\/"}],"wp:attachment":[{"href":"https:\/\/www.acapulcopress.com\/index.php\/wp-json\/wp\/v2\/media?parent=1235439"}],"wp:term":[{"taxonomy":"category","embeddable":true,"href":"https:\/\/www.acapulcopress.com\/index.php\/wp-json\/wp\/v2\/categories?post=1235439"},{"taxonomy":"post_tag","embeddable":true,"href":"https:\/\/www.acapulcopress.com\/index.php\/wp-json\/wp\/v2\/tags?post=1235439"}],"curies":[{"name":"wp","href":"https:\/\/api.w.org\/{rel}","templated":true}]}}